{"id":4978,"date":"2017-03-03T00:42:26","date_gmt":"2017-03-02T23:42:26","guid":{"rendered":"http:\/\/www.musikverein-ahaus.de\/?p=4978"},"modified":"2017-03-03T00:42:26","modified_gmt":"2017-03-02T23:42:26","slug":"nachtschicht-nein-es-war-nur-schon-etwas-dunkel","status":"publish","type":"post","link":"https:\/\/www.musikverein-ahaus.de\/de_de\/nachtschicht-nein-es-war-nur-schon-etwas-dunkel\/","title":{"rendered":"Nachtschicht? nein, es war nur schon etwas dunkel"},"content":{"rendered":"<p>Dank einiger hilfreicher Freunde konnte heute das gro\u00dfe Banner f\u00fcr die Veranstaltung &#8222;&#8230; mit Spa\u00df zur Musik&#8230;.&#8220; an der Gastst\u00e4tte Drebbers aufgeh\u00e4ngt werden. Direkt vor dem Gibel, (fast) unerreichbar f\u00fcr Sprayer aber gut sichtbar f\u00fcr Passanten und Autofahrer.<\/p>\n\n\t\t<style type=\"text\/css\">\n\t\t\t#gallery-1 {\n\t\t\t\tmargin: auto;\n\t\t\t}\n\t\t\t#gallery-1 .gallery-item {\n\t\t\t\tfloat: left;\n\t\t\t\tmargin-top: 10px;\n\t\t\t\ttext-align: center;\n\t\t\t\twidth: 33%;\n\t\t\t}\n\t\t\t#gallery-1 img {\n\t\t\t\tborder: 2px solid #cfcfcf;\n\t\t\t}\n\t\t\t#gallery-1 .gallery-caption {\n\t\t\t\tmargin-left: 0;\n\t\t\t}\n\t\t\t\/* see gallery_shortcode() in wp-includes\/media.php *\/\n\t\t<\/style>\n\t\t<div id='gallery-1' class='gallery galleryid-4978 gallery-columns-3 gallery-size-thumbnail'><dl class='gallery-item'>\n\t\t\t<dt class='gallery-icon portrait'>\n\t\t\t\t<a href='https:\/\/www.musikverein-ahaus.de\/wp-content\/uploads\/2017\/03\/02_Musikclown-e1488498049164.jpg'><img loading=\"lazy\" decoding=\"async\" width=\"150\" height=\"150\" src=\"https:\/\/www.musikverein-ahaus.de\/wp-content\/uploads\/2017\/03\/02_Musikclown-e1488498049164-150x150.jpg\" class=\"attachment-thumbnail size-thumbnail\" alt=\"\" \/><\/a>\n\t\t\t<\/dt><\/dl><dl class='gallery-item'>\n\t\t\t<dt class='gallery-icon portrait'>\n\t\t\t\t<a href='https:\/\/www.musikverein-ahaus.de\/wp-content\/uploads\/2017\/03\/IMG_6827-e1488497986497.jpg'><img loading=\"lazy\" decoding=\"async\" width=\"150\" height=\"150\" src=\"https:\/\/www.musikverein-ahaus.de\/wp-content\/uploads\/2017\/03\/IMG_6827-e1488497986497-150x150.jpg\" class=\"attachment-thumbnail size-thumbnail\" alt=\"\" \/><\/a>\n\t\t\t<\/dt><\/dl><dl class='gallery-item'>\n\t\t\t<dt class='gallery-icon portrait'>\n\t\t\t\t<a href='https:\/\/www.musikverein-ahaus.de\/wp-content\/uploads\/2017\/03\/IMG_6826-e1488497952310.jpg'><img loading=\"lazy\" decoding=\"async\" width=\"150\" height=\"150\" src=\"https:\/\/www.musikverein-ahaus.de\/wp-content\/uploads\/2017\/03\/IMG_6826-e1488497952310-150x150.jpg\" class=\"attachment-thumbnail size-thumbnail\" alt=\"\" \/><\/a>\n\t\t\t<\/dt><\/dl><br style=\"clear: both\" \/>\n\t\t<\/div>\n\n","protected":false},"excerpt":{"rendered":"<p>Dank einiger hilfreicher Freunde konnte heute das gro\u00dfe Banner f\u00fcr die Veranstaltung &#8222;&#8230; mit Spa\u00df zur Musik&#8230;.&#8220; an der Gastst\u00e4tte Drebbers aufgeh\u00e4ngt werden. Direkt vor dem Gibel, (fast) unerreichbar f\u00fcr Sprayer aber gut sichtbar f\u00fcr Passanten und Autofahrer.<\/p>\n","protected":false},"author":7,"featured_media":4979,"comment_status":"open","ping_status":"closed","sticky":false,"template":"","format":"standard","meta":{"footnotes":""},"categories":[1,4],"tags":[],"class_list":["post-4978","post","type-post","status-publish","format-standard","has-post-thumbnail","hentry","category-allgemein","category-fotos","cat-1-id","cat-4-id","has_thumb"],"_links":{"self":[{"href":"https:\/\/www.musikverein-ahaus.de\/de_de\/wp-json\/wp\/v2\/posts\/4978","targetHints":{"allow":["GET"]}}],"collection":[{"href":"https:\/\/www.musikverein-ahaus.de\/de_de\/wp-json\/wp\/v2\/posts"}],"about":[{"href":"https:\/\/www.musikverein-ahaus.de\/de_de\/wp-json\/wp\/v2\/types\/post"}],"author":[{"embeddable":true,"href":"https:\/\/www.musikverein-ahaus.de\/de_de\/wp-json\/wp\/v2\/users\/7"}],"replies":[{"embeddable":true,"href":"https:\/\/www.musikverein-ahaus.de\/de_de\/wp-json\/wp\/v2\/comments?post=4978"}],"version-history":[{"count":1,"href":"https:\/\/www.musikverein-ahaus.de\/de_de\/wp-json\/wp\/v2\/posts\/4978\/revisions"}],"predecessor-version":[{"id":4983,"href":"https:\/\/www.musikverein-ahaus.de\/de_de\/wp-json\/wp\/v2\/posts\/4978\/revisions\/4983"}],"wp:featuredmedia":[{"embeddable":true,"href":"https:\/\/www.musikverein-ahaus.de\/de_de\/wp-json\/wp\/v2\/media\/4979"}],"wp:attachment":[{"href":"https:\/\/www.musikverein-ahaus.de\/de_de\/wp-json\/wp\/v2\/media?parent=4978"}],"wp:term":[{"taxonomy":"category","embeddable":true,"href":"https:\/\/www.musikverein-ahaus.de\/de_de\/wp-json\/wp\/v2\/categories?post=4978"},{"taxonomy":"post_tag","embeddable":true,"href":"https:\/\/www.musikverein-ahaus.de\/de_de\/wp-json\/wp\/v2\/tags?post=4978"}],"curies":[{"name":"wp","href":"https:\/\/api.w.org\/{rel}","templated":true}]}}