{"id":5198,"date":"2017-10-31T17:19:10","date_gmt":"2017-10-31T16:19:10","guid":{"rendered":"http:\/\/www.musikverein-ahaus.de\/?p=5198"},"modified":"2017-10-31T17:19:10","modified_gmt":"2017-10-31T16:19:10","slug":"anfaenger-2017","status":"publish","type":"post","link":"https:\/\/www.musikverein-ahaus.de\/de_de\/anfaenger-2017\/","title":{"rendered":"Anf\u00e4nger 2017"},"content":{"rendered":"<h1 style=\"text-align: center;\">Wir suchen auch 2017 Anf\u00e4nger<\/h1>\n<p>wie jeder Verein suchen auch wir wieder Anf\u00e4nger f\u00fcr unseren Musikverein Ahaus.<\/p>\n<p>Am Tag der offenen T\u00fcr am 19.11.2017 (Sonntag) ab 15:00 Uhr k\u00f6nnen sich die interessierten Kinder mit ihren Eltern bei uns \u00fcber die M\u00f6glichkeiten der Ausbildung informieren und auch das ein oder andere Musikinstrument ausprobieren.<\/p>\n\n\t\t<style type=\"text\/css\">\n\t\t\t#gallery-1 {\n\t\t\t\tmargin: auto;\n\t\t\t}\n\t\t\t#gallery-1 .gallery-item {\n\t\t\t\tfloat: left;\n\t\t\t\tmargin-top: 10px;\n\t\t\t\ttext-align: center;\n\t\t\t\twidth: 33%;\n\t\t\t}\n\t\t\t#gallery-1 img {\n\t\t\t\tborder: 2px solid #cfcfcf;\n\t\t\t}\n\t\t\t#gallery-1 .gallery-caption {\n\t\t\t\tmargin-left: 0;\n\t\t\t}\n\t\t\t\/* see gallery_shortcode() in wp-includes\/media.php *\/\n\t\t<\/style>\n\t\t<div id='gallery-1' class='gallery galleryid-5198 gallery-columns-3 gallery-size-thumbnail'><dl class='gallery-item'>\n\t\t\t<dt class='gallery-icon portrait'>\n\t\t\t\t<a href='https:\/\/www.musikverein-ahaus.de\/wp-content\/uploads\/2017\/10\/Anfaenger_2017-e1509466531908.jpg'><img loading=\"lazy\" decoding=\"async\" width=\"150\" height=\"150\" src=\"https:\/\/www.musikverein-ahaus.de\/wp-content\/uploads\/2017\/10\/Anfaenger_2017-e1509466531908-150x150.jpg\" class=\"attachment-thumbnail size-thumbnail\" alt=\"\" \/><\/a>\n\t\t\t<\/dt><\/dl><dl class='gallery-item'>\n\t\t\t<dt class='gallery-icon portrait'>\n\t\t\t\t<a href='https:\/\/www.musikverein-ahaus.de\/wp-content\/uploads\/2017\/10\/Anfaenger_2017_2-e1509466564578.jpg'><img loading=\"lazy\" decoding=\"async\" width=\"150\" height=\"150\" src=\"https:\/\/www.musikverein-ahaus.de\/wp-content\/uploads\/2017\/10\/Anfaenger_2017_2-e1509466564578-150x150.jpg\" class=\"attachment-thumbnail size-thumbnail\" alt=\"\" \/><\/a>\n\t\t\t<\/dt><\/dl>\n\t\t\t<br style='clear: both' \/>\n\t\t<\/div>\n\n","protected":false},"excerpt":{"rendered":"<p>Wir suchen auch 2017 Anf\u00e4nger wie jeder Verein suchen auch wir wieder Anf\u00e4nger f\u00fcr unseren Musikverein Ahaus. Am Tag der offenen T\u00fcr am 19.11.2017 (Sonntag) ab 15:00 Uhr k\u00f6nnen sich die interessierten Kinder mit ihren Eltern bei uns \u00fcber die M\u00f6glichkeiten der Ausbildung informieren und auch das ein oder andere Musikinstrument ausprobieren.<\/p>\n","protected":false},"author":7,"featured_media":5200,"comment_status":"open","ping_status":"closed","sticky":false,"template":"","format":"standard","meta":{"footnotes":""},"categories":[1,4],"tags":[],"class_list":["post-5198","post","type-post","status-publish","format-standard","has-post-thumbnail","hentry","category-allgemein","category-fotos","cat-1-id","cat-4-id","has_thumb"],"_links":{"self":[{"href":"https:\/\/www.musikverein-ahaus.de\/de_de\/wp-json\/wp\/v2\/posts\/5198","targetHints":{"allow":["GET"]}}],"collection":[{"href":"https:\/\/www.musikverein-ahaus.de\/de_de\/wp-json\/wp\/v2\/posts"}],"about":[{"href":"https:\/\/www.musikverein-ahaus.de\/de_de\/wp-json\/wp\/v2\/types\/post"}],"author":[{"embeddable":true,"href":"https:\/\/www.musikverein-ahaus.de\/de_de\/wp-json\/wp\/v2\/users\/7"}],"replies":[{"embeddable":true,"href":"https:\/\/www.musikverein-ahaus.de\/de_de\/wp-json\/wp\/v2\/comments?post=5198"}],"version-history":[{"count":3,"href":"https:\/\/www.musikverein-ahaus.de\/de_de\/wp-json\/wp\/v2\/posts\/5198\/revisions"}],"predecessor-version":[{"id":5203,"href":"https:\/\/www.musikverein-ahaus.de\/de_de\/wp-json\/wp\/v2\/posts\/5198\/revisions\/5203"}],"wp:featuredmedia":[{"embeddable":true,"href":"https:\/\/www.musikverein-ahaus.de\/de_de\/wp-json\/wp\/v2\/media\/5200"}],"wp:attachment":[{"href":"https:\/\/www.musikverein-ahaus.de\/de_de\/wp-json\/wp\/v2\/media?parent=5198"}],"wp:term":[{"taxonomy":"category","embeddable":true,"href":"https:\/\/www.musikverein-ahaus.de\/de_de\/wp-json\/wp\/v2\/categories?post=5198"},{"taxonomy":"post_tag","embeddable":true,"href":"https:\/\/www.musikverein-ahaus.de\/de_de\/wp-json\/wp\/v2\/tags?post=5198"}],"curies":[{"name":"wp","href":"https:\/\/api.w.org\/{rel}","templated":true}]}}