{"id":5220,"date":"2017-11-19T09:45:52","date_gmt":"2017-11-19T08:45:52","guid":{"rendered":"http:\/\/www.musikverein-ahaus.de\/?p=5220"},"modified":"2017-11-19T21:13:03","modified_gmt":"2017-11-19T20:13:03","slug":"naechster-halt-kulturquadrat","status":"publish","type":"post","link":"https:\/\/www.musikverein-ahaus.de\/de_de\/naechster-halt-kulturquadrat\/","title":{"rendered":"N\u00e4chster Halt Kulturquadrat"},"content":{"rendered":"<p align=\"center\"><span style=\"font-family: Arial Black, serif;\">Weitere Stationen: Woodstock der Blasmusik, Schottland, S\u00fcdamerika<\/span><\/p>\n<p align=\"justify\"><span style=\"color: #222222;\"><span style=\"font-family: Arial, serif;\">Die Proben f\u00fcr das Weihnachtskonzert am 17.12.17 kommen in die entscheidende Phase. Der Musikverein Ahaus kehrt nach 6 Jahren zur\u00fcck in die Stadthalle Ahaus. Alle Musikerinnen und Musiker fiebern diesem Event entgegen und w\u00fcrden sich sehr freuen, Sie zu unserem Konzert begr\u00fc\u00dfen zu d\u00fcrfen. Lassen Sie sich von uns ein St\u00fcckweit aus dem Alltag in die Welt der symphonischen Blasmusik entf\u00fchren. Gesanglich wird unser Programm durch unsere S\u00e4ngerin Nadine B\u00fcning bereichert. Mit einer tollen Mischung aus \u201cnicht-weihnachtlichen\u201c und weihnachtlichen St\u00fccken, bieten wir Ihnen die ideale Einstimmung auf das anstehende Weihnachtsfest. <\/span><\/span><\/p>\n<p align=\"justify\"><span style=\"color: #222222;\"><span style=\"font-family: Arial, serif;\">Eintrittskarten sind bei &#8222;Ahaus Marketing &amp; Touristik&#8220; und allen Musikerinnen und Musikern zum Preis von 8,- \u20ac erh\u00e4ltlich; F\u00fcr Kinder und Jugendliche bis zum Alter von 16 Lj. ist der Eintritt frei; Konzertbeginn ist um 16:00 Uhr.<\/span><\/span><\/p>\n<p align=\"justify\"><a name=\"_GoBack\"><\/a> <span style=\"color: #222222;\"><span style=\"font-family: Arial, serif;\">Im Rahmen der Saison 2018 geht es f\u00fcr den Musikverein Ahaus und seine Freunde auf Reisen. Nach den Karnevalsauftritten und den ersten Sch\u00fctzenfesten geht es zum Woodstock der Blasmusik in \u00d6sterreich. Im Sommer geht es dann auf zu einer 9 t\u00e4tigen Rundreise durch Schottland. Getoppt wird dies dann noch im Herbst mit einer Reise nach S\u00fcdamerika.<\/span><\/span><\/p>\n<p align=\"justify\"><span style=\"color: #222222;\"><span style=\"font-family: Arial, serif;\">Wie sie hier lesen k\u00f6nnen, handelt es sich um einen sehr aktiven Verein. <\/span><\/span><\/p>\n<p align=\"justify\"><span style=\"color: #222222;\"><span style=\"font-family: Arial, serif;\">Haben Sie Interesse. <\/span><\/span><span style=\"color: #222222;\"><span style=\"font-family: Arial, serif;\">auch an unserem musikalischen Ausbildungsprogramm? <\/span><\/span><\/p>\n<p align=\"justify\"><span style=\"color: #222222;\"><span style=\"font-family: Arial, serif;\">Dann besuchen sie uns am TAG DER OFFENEN T\u00dcR. Am 19.11.2017 ab 15 Uhr in unseren Prober\u00e4umen (Hof zum Ahaus 6). <\/span><\/span><\/p>\n<p align=\"justify\"><span style=\"color: #222222;\"><span style=\"font-family: Arial, serif;\">Weitere Infos unter:<\/span><\/span><\/p>\n<p align=\"justify\"><a href=\"https:\/\/www.musikverein-ahaus.de\/\"><span style=\"font-family: Arial, serif;\">www.musikverein-ahaus.de<\/span><\/a><\/p>\n","protected":false},"excerpt":{"rendered":"<p>Weitere Stationen: Woodstock der Blasmusik, Schottland, S\u00fcdamerika Die Proben f\u00fcr das Weihnachtskonzert am 17.12.17 kommen in die entscheidende Phase. Der Musikverein Ahaus kehrt nach 6 Jahren zur\u00fcck in die Stadthalle Ahaus. Alle Musikerinnen und Musiker fiebern diesem Event entgegen und w\u00fcrden sich sehr freuen, Sie zu unserem Konzert begr\u00fc\u00dfen zu d\u00fcrfen. Lassen Sie sich von<a href=\"https:\/\/www.musikverein-ahaus.de\/de_de\/naechster-halt-kulturquadrat\/\" class=\"read-more\">&nbsp; Continue Reading &raquo;<\/a><\/p>\n","protected":false},"author":3,"featured_media":0,"comment_status":"closed","ping_status":"closed","sticky":false,"template":"","format":"standard","meta":{"footnotes":""},"categories":[1],"tags":[],"class_list":["post-5220","post","type-post","status-publish","format-standard","hentry","category-allgemein","cat-1-id"],"_links":{"self":[{"href":"https:\/\/www.musikverein-ahaus.de\/de_de\/wp-json\/wp\/v2\/posts\/5220","targetHints":{"allow":["GET"]}}],"collection":[{"href":"https:\/\/www.musikverein-ahaus.de\/de_de\/wp-json\/wp\/v2\/posts"}],"about":[{"href":"https:\/\/www.musikverein-ahaus.de\/de_de\/wp-json\/wp\/v2\/types\/post"}],"author":[{"embeddable":true,"href":"https:\/\/www.musikverein-ahaus.de\/de_de\/wp-json\/wp\/v2\/users\/3"}],"replies":[{"embeddable":true,"href":"https:\/\/www.musikverein-ahaus.de\/de_de\/wp-json\/wp\/v2\/comments?post=5220"}],"version-history":[{"count":2,"href":"https:\/\/www.musikverein-ahaus.de\/de_de\/wp-json\/wp\/v2\/posts\/5220\/revisions"}],"predecessor-version":[{"id":5222,"href":"https:\/\/www.musikverein-ahaus.de\/de_de\/wp-json\/wp\/v2\/posts\/5220\/revisions\/5222"}],"wp:attachment":[{"href":"https:\/\/www.musikverein-ahaus.de\/de_de\/wp-json\/wp\/v2\/media?parent=5220"}],"wp:term":[{"taxonomy":"category","embeddable":true,"href":"https:\/\/www.musikverein-ahaus.de\/de_de\/wp-json\/wp\/v2\/categories?post=5220"},{"taxonomy":"post_tag","embeddable":true,"href":"https:\/\/www.musikverein-ahaus.de\/de_de\/wp-json\/wp\/v2\/tags?post=5220"}],"curies":[{"name":"wp","href":"https:\/\/api.w.org\/{rel}","templated":true}]}}