{"id":5245,"date":"2018-03-30T13:23:43","date_gmt":"2018-03-30T11:23:43","guid":{"rendered":"http:\/\/www.musikverein-ahaus.de\/?p=5245"},"modified":"2018-04-14T01:00:00","modified_gmt":"2018-04-13T23:00:00","slug":"woodstock-der-blasmusik-2018","status":"publish","type":"post","link":"https:\/\/www.musikverein-ahaus.de\/de_de\/woodstock-der-blasmusik-2018\/","title":{"rendered":"Woodstock der Blasmusik 2018"},"content":{"rendered":"<p>der Musikverein Ahaus 1975 e.V. f\u00e4hrt in diesem Jahr mit \u00fcber 20 Mitgliedern erstmals zum Woodstock der Blasmusik. Ein riesiges Blasmusik-Festival in &#8222;Ort im Innkreis&#8220; (das hei\u00dft wirklich so) in \u00d6stereich. Das Festival verspricht vom 28.06.18 &#8211; 01.07.2018 &#8222;Love, Peace und Blasmusik&#8220; und genau das wollen die Musikerinnen und Musiker des Musikvereins auch erleben.\u00a0 Wie schreibt der Veranstalter:<\/p>\n<p align=\"justify\"><span style=\"font-size: large;\"><b>&#8222;\u00dcber <a href=\"http:\/\/www.woodstockderblasmusik.at\/de\/programm\/kuenstler.html\" target=\"_blank\" rel=\"noopener\">100 Ensembles<\/a> an 4 Tagen.<\/b><\/span><\/p>\n<p align=\"justify\">Aber was w\u00e4re all das ohne diese unglaubliche Vielzahl an namhaften und hochtalentierten K\u00fcnstlern, die sich beim Woodstock die Ehre gibt. Genau 106 Ensemble werden es im heurigen Jahr sein. Gruppen aus allen Regionen Europas, in denen es Trompeten, Tuben und Klarinetten gibt. Kapellen aus allen Stilrichtungen. Es gibt nichts, das es nicht gibt. Und zur Not wird\u00b4s einfach erfunden.<\/p>\n<p align=\"justify\">Keine andere Musik-Sparte bietet schlie\u00dflich ein derart breites Spekt\u00adrum wie die Blasmusik. Und das zeigt sich auch im aktuellen Line-up: Traditionelle Gruppen wie die B\u00f6hmisch-M\u00e4hrischen, die Oberkrainer oder die Egerl\u00e4nder Formationen (u.a. <b><a href=\"https:\/\/www.die-egerlaender.de\/\" target=\"_blank\" rel=\"noopener\">Ernst Hutter und seine Egerl\u00e4nder Musikanten<\/a>, <a href=\"http:\/\/www.innsbrucker-boehmische.at\/\" target=\"_blank\" rel=\"noopener\">Innsbrucker B\u00f6hmische<\/a>, <a href=\"http:\/\/www.viera-blech.at\/\" target=\"_blank\" rel=\"noopener\">Viera Blech<\/a> oder <a href=\"https:\/\/www.blaskapelle-ceska.at\" target=\"_blank\" rel=\"noopener\">Blaskapelle Ceska<\/a><\/b>) wechseln mit v\u00f6llig eigenst\u00e4ndigen Stilrichtungen, wie sie unter anderem die Ausnahmetalente von <b><a href=\"https:\/\/www.labrassbanda.com\/\" target=\"_blank\" rel=\"noopener\">LaBrassBanda<\/a><\/b>, <b><a href=\"http:\/\/www.theheimatdamisch.de\/musik.html\" target=\"_blank\" rel=\"noopener\">The Heimatdamisch<\/a><\/b> oder <b><a href=\"http:\/\/www.folkshilfe.at\/\" target=\"_blank\" rel=\"noopener\">Folkshilfe<\/a><\/b> entwickelt haben.<\/p>\n\n\t\t<style type=\"text\/css\">\n\t\t\t#gallery-1 {\n\t\t\t\tmargin: auto;\n\t\t\t}\n\t\t\t#gallery-1 .gallery-item {\n\t\t\t\tfloat: left;\n\t\t\t\tmargin-top: 10px;\n\t\t\t\ttext-align: center;\n\t\t\t\twidth: 33%;\n\t\t\t}\n\t\t\t#gallery-1 img {\n\t\t\t\tborder: 2px solid #cfcfcf;\n\t\t\t}\n\t\t\t#gallery-1 .gallery-caption {\n\t\t\t\tmargin-left: 0;\n\t\t\t}\n\t\t\t\/* see gallery_shortcode() in wp-includes\/media.php *\/\n\t\t<\/style>\n\t\t<div id='gallery-1' class='gallery galleryid-5245 gallery-columns-3 gallery-size-thumbnail'><dl class='gallery-item'>\n\t\t\t<dt class='gallery-icon landscape'>\n\t\t\t\t<a href='https:\/\/www.musikverein-ahaus.de\/wp-content\/uploads\/2018\/03\/WDB16_04_Samstag_300dpi-039-e1522407582758.jpg'><img loading=\"lazy\" decoding=\"async\" width=\"150\" height=\"150\" src=\"https:\/\/www.musikverein-ahaus.de\/wp-content\/uploads\/2018\/03\/WDB16_04_Samstag_300dpi-039-e1522407582758-150x150.jpg\" class=\"attachment-thumbnail size-thumbnail\" alt=\"\" \/><\/a>\n\t\t\t<\/dt><\/dl><dl class='gallery-item'>\n\t\t\t<dt class='gallery-icon landscape'>\n\t\t\t\t<a href='https:\/\/www.musikverein-ahaus.de\/wp-content\/uploads\/2018\/03\/WDB16_02_Donnerstag_300dpi-221-e1522407603497.jpg'><img loading=\"lazy\" decoding=\"async\" width=\"150\" height=\"150\" src=\"https:\/\/www.musikverein-ahaus.de\/wp-content\/uploads\/2018\/03\/WDB16_02_Donnerstag_300dpi-221-e1522407603497-150x150.jpg\" class=\"attachment-thumbnail size-thumbnail\" alt=\"\" \/><\/a>\n\t\t\t<\/dt><\/dl><dl class='gallery-item'>\n\t\t\t<dt class='gallery-icon landscape'>\n\t\t\t\t<a href='https:\/\/www.musikverein-ahaus.de\/wp-content\/uploads\/2018\/03\/WDB16_04_Samstag_300dpi-038-e1522407619968.jpg'><img loading=\"lazy\" decoding=\"async\" width=\"150\" height=\"150\" src=\"https:\/\/www.musikverein-ahaus.de\/wp-content\/uploads\/2018\/03\/WDB16_04_Samstag_300dpi-038-e1522407619968-150x150.jpg\" class=\"attachment-thumbnail size-thumbnail\" alt=\"\" \/><\/a>\n\t\t\t<\/dt><\/dl><br style=\"clear: both\" \/><dl class='gallery-item'>\n\t\t\t<dt class='gallery-icon landscape'>\n\t\t\t\t<a href='https:\/\/www.musikverein-ahaus.de\/wp-content\/uploads\/2018\/03\/wdb_impression_08-e1522408225943.jpg'><img loading=\"lazy\" decoding=\"async\" width=\"150\" height=\"150\" src=\"https:\/\/www.musikverein-ahaus.de\/wp-content\/uploads\/2018\/03\/wdb_impression_08-e1522408225943-150x150.jpg\" class=\"attachment-thumbnail size-thumbnail\" alt=\"\" \/><\/a>\n\t\t\t<\/dt><\/dl><dl class='gallery-item'>\n\t\t\t<dt class='gallery-icon landscape'>\n\t\t\t\t<a href='https:\/\/www.musikverein-ahaus.de\/wp-content\/uploads\/2018\/03\/WDB16_03_Freitag_300dpi-157-e1522408241383.jpg'><img loading=\"lazy\" decoding=\"async\" width=\"150\" height=\"150\" src=\"https:\/\/www.musikverein-ahaus.de\/wp-content\/uploads\/2018\/03\/WDB16_03_Freitag_300dpi-157-e1522408241383-150x150.jpg\" class=\"attachment-thumbnail size-thumbnail\" alt=\"\" \/><\/a>\n\t\t\t<\/dt><\/dl><dl class='gallery-item'>\n\t\t\t<dt class='gallery-icon landscape'>\n\t\t\t\t<a href='https:\/\/www.musikverein-ahaus.de\/wp-content\/uploads\/2018\/03\/WDB16_02_Donnerstag_300dpi-049-e1522408259653.jpg'><img loading=\"lazy\" decoding=\"async\" width=\"150\" height=\"150\" src=\"https:\/\/www.musikverein-ahaus.de\/wp-content\/uploads\/2018\/03\/WDB16_02_Donnerstag_300dpi-049-e1522408259653-150x150.jpg\" class=\"attachment-thumbnail size-thumbnail\" alt=\"\" \/><\/a>\n\t\t\t<\/dt><\/dl><br style=\"clear: both\" \/><dl class='gallery-item'>\n\t\t\t<dt class='gallery-icon landscape'>\n\t\t\t\t<a href='https:\/\/www.musikverein-ahaus.de\/wp-content\/uploads\/2018\/03\/WDB16_04_Samstag_300dpi-075-e1522408274423.jpg'><img loading=\"lazy\" decoding=\"async\" width=\"150\" height=\"150\" src=\"https:\/\/www.musikverein-ahaus.de\/wp-content\/uploads\/2018\/03\/WDB16_04_Samstag_300dpi-075-e1522408274423-150x150.jpg\" class=\"attachment-thumbnail size-thumbnail\" alt=\"\" \/><\/a>\n\t\t\t<\/dt><\/dl>\n\t\t\t<br style='clear: both' \/>\n\t\t<\/div>\n\n<p align=\"justify\">Was das &#8222;Woodstock der Blasmusik&#8220; in der weltweiten Festivallandschaft noch einzigartiger macht, ist gleichzeitig das absolute Highlight des Geschehens: das <a href=\"http:\/\/www.woodstockderblasmusik.at\/de\/medien\/bilder2017.html\" target=\"_blank\" rel=\"noopener\">Gesamtspiel.<\/a> Jene Stunde am fr\u00fchen Samstag Nachmittag, zu der die G\u00e4ste zu tausenden \u2013 und mit ihren Instrumenten im Anschlag \u2013 das Konzertgel\u00e4nde \u00fcberf\u00fcllen und f\u00fcnf vorab selbst gew\u00e4hlte St\u00fccke zum besten geben.<\/p>\n<p align=\"justify\">Was sich dann abspielt, wenn Ernst Hutter -wie im Jahr 2017- den Dirigentenstab erhebt, l\u00e4sst sich in Worte nicht fassen. Das muss man ganz einfach selbst erlebt und gef\u00fchlt haben.&#8220;<\/p>\n<p align=\"justify\">Die per Voting ausgew\u00e4hlten St\u00fccke im Jahr 2017 waren \u00fcbrigens:<\/p>\n<p align=\"justify\">\u2022 Von Freund zu Freund<br \/>\n\u2022 B\u00f6hmischer Traum<br \/>\n\u2022 Dem Land Tirol die Treue<br \/>\n\u2022 Auf der Vogelwiese<br \/>\n\u2022 Wir Musikanten<br \/>\n\u2022 Woodstock der Blasmusik Marsch<\/p>\n<p align=\"justify\">Die Fakten im \u00dcberblick:<\/p>\n<p align=\"justify\">28. Juni &#8211; 01. Juli 2018<br \/>\n4974 | Ort im Innkreis<br \/>\nAustria | Arco-Area<br \/>\n4 Tage | 5 B\u00fchnen | 100 Acts<\/p>\n<p align=\"justify\">weitere Informationen auf der <a href=\"http:\/\/www.woodstockderblasmusik.at\/\" target=\"_blank\" rel=\"noopener\">HP des Veranstalters<\/a> (ein Klick der sich lohnt!)<\/p>\n<h6 align=\"justify\"><strong>Quelle: \u00a9 WDB\/Klaus Mittermayr (Textvorlage)<\/strong><\/h6>\n<h6 align=\"justify\"><strong>Fotoverweis: \u00a9 WDB\/Klaus Mittermayr<\/strong><\/h6>\n","protected":false},"excerpt":{"rendered":"<p>der Musikverein Ahaus 1975 e.V. f\u00e4hrt in diesem Jahr mit \u00fcber 20 Mitgliedern erstmals zum Woodstock der Blasmusik. Ein riesiges Blasmusik-Festival in &#8222;Ort im Innkreis&#8220; (das hei\u00dft wirklich so) in \u00d6stereich. Das Festival verspricht vom 28.06.18 &#8211; 01.07.2018 &#8222;Love, Peace und Blasmusik&#8220; und genau das wollen die Musikerinnen und Musiker des Musikvereins auch erleben.\u00a0 Wie<a href=\"https:\/\/www.musikverein-ahaus.de\/de_de\/woodstock-der-blasmusik-2018\/\" class=\"read-more\">&nbsp; Continue Reading &raquo;<\/a><\/p>\n","protected":false},"author":7,"featured_media":5246,"comment_status":"closed","ping_status":"closed","sticky":false,"template":"","format":"standard","meta":{"footnotes":""},"categories":[1,4],"tags":[],"class_list":["post-5245","post","type-post","status-publish","format-standard","has-post-thumbnail","hentry","category-allgemein","category-fotos","cat-1-id","cat-4-id","has_thumb"],"_links":{"self":[{"href":"https:\/\/www.musikverein-ahaus.de\/de_de\/wp-json\/wp\/v2\/posts\/5245","targetHints":{"allow":["GET"]}}],"collection":[{"href":"https:\/\/www.musikverein-ahaus.de\/de_de\/wp-json\/wp\/v2\/posts"}],"about":[{"href":"https:\/\/www.musikverein-ahaus.de\/de_de\/wp-json\/wp\/v2\/types\/post"}],"author":[{"embeddable":true,"href":"https:\/\/www.musikverein-ahaus.de\/de_de\/wp-json\/wp\/v2\/users\/7"}],"replies":[{"embeddable":true,"href":"https:\/\/www.musikverein-ahaus.de\/de_de\/wp-json\/wp\/v2\/comments?post=5245"}],"version-history":[{"count":6,"href":"https:\/\/www.musikverein-ahaus.de\/de_de\/wp-json\/wp\/v2\/posts\/5245\/revisions"}],"predecessor-version":[{"id":5261,"href":"https:\/\/www.musikverein-ahaus.de\/de_de\/wp-json\/wp\/v2\/posts\/5245\/revisions\/5261"}],"wp:featuredmedia":[{"embeddable":true,"href":"https:\/\/www.musikverein-ahaus.de\/de_de\/wp-json\/wp\/v2\/media\/5246"}],"wp:attachment":[{"href":"https:\/\/www.musikverein-ahaus.de\/de_de\/wp-json\/wp\/v2\/media?parent=5245"}],"wp:term":[{"taxonomy":"category","embeddable":true,"href":"https:\/\/www.musikverein-ahaus.de\/de_de\/wp-json\/wp\/v2\/categories?post=5245"},{"taxonomy":"post_tag","embeddable":true,"href":"https:\/\/www.musikverein-ahaus.de\/de_de\/wp-json\/wp\/v2\/tags?post=5245"}],"curies":[{"name":"wp","href":"https:\/\/api.w.org\/{rel}","templated":true}]}}