{"id":5591,"date":"2019-03-26T01:41:54","date_gmt":"2019-03-26T00:41:54","guid":{"rendered":"https:\/\/www.musikverein-ahaus.de\/?p=5591"},"modified":"2019-04-12T22:53:25","modified_gmt":"2019-04-12T20:53:25","slug":"infotag-am-04-05-2019","status":"publish","type":"post","link":"https:\/\/www.musikverein-ahaus.de\/de_de\/infotag-am-04-05-2019\/","title":{"rendered":"Infotag am 04.05.2019"},"content":{"rendered":"\n<h1 class=\"wp-block-heading\"><br><\/h1>\n\n\n\n<p>Am Infotag 04.05.2019 (Samstag) ab 10:30 Uhr k\u00f6nnen sich interessierte Kinder mit ihren Eltern bei uns \u00fcber die M\u00f6glichkeiten der Ausbildung informieren und auch das ein oder andere Musikinstrument ausprobieren.<\/p>\n\n\n\n<div class=\"wp-block-image\"><figure class=\"aligncenter is-resized\"><img loading=\"lazy\" decoding=\"async\" src=\"https:\/\/www.musikverein-ahaus.de\/wp-content\/uploads\/2019\/04\/Kreis-Rueck-1024x1024.png\" alt=\"\" class=\"wp-image-5602\" width=\"270\" height=\"270\" srcset=\"https:\/\/www.musikverein-ahaus.de\/wp-content\/uploads\/2019\/04\/Kreis-Rueck-1024x1024.png 1024w, https:\/\/www.musikverein-ahaus.de\/wp-content\/uploads\/2019\/04\/Kreis-Rueck-150x150.png 150w, https:\/\/www.musikverein-ahaus.de\/wp-content\/uploads\/2019\/04\/Kreis-Rueck-300x300.png 300w, https:\/\/www.musikverein-ahaus.de\/wp-content\/uploads\/2019\/04\/Kreis-Rueck-768x768.png 768w, https:\/\/www.musikverein-ahaus.de\/wp-content\/uploads\/2019\/04\/Kreis-Rueck-60x60.png 60w, https:\/\/www.musikverein-ahaus.de\/wp-content\/uploads\/2019\/04\/Kreis-Rueck.png 1664w\" sizes=\"auto, (max-width: 270px) 100vw, 270px\" \/><\/figure><\/div>\n\n\n\n<p><\/p>\n\n\n\n<h2 class=\"wp-block-heading\"><\/h2>\n","protected":false},"excerpt":{"rendered":"<p>Am Infotag 04.05.2019 (Samstag) ab 10:30 Uhr k\u00f6nnen sich interessierte Kinder mit ihren Eltern bei uns \u00fcber die M\u00f6glichkeiten der Ausbildung informieren und auch das ein oder andere Musikinstrument ausprobieren.<\/p>\n","protected":false},"author":7,"featured_media":5602,"comment_status":"closed","ping_status":"closed","sticky":false,"template":"","format":"standard","meta":{"footnotes":""},"categories":[1],"tags":[],"class_list":["post-5591","post","type-post","status-publish","format-standard","has-post-thumbnail","hentry","category-allgemein","cat-1-id","has_thumb"],"_links":{"self":[{"href":"https:\/\/www.musikverein-ahaus.de\/de_de\/wp-json\/wp\/v2\/posts\/5591","targetHints":{"allow":["GET"]}}],"collection":[{"href":"https:\/\/www.musikverein-ahaus.de\/de_de\/wp-json\/wp\/v2\/posts"}],"about":[{"href":"https:\/\/www.musikverein-ahaus.de\/de_de\/wp-json\/wp\/v2\/types\/post"}],"author":[{"embeddable":true,"href":"https:\/\/www.musikverein-ahaus.de\/de_de\/wp-json\/wp\/v2\/users\/7"}],"replies":[{"embeddable":true,"href":"https:\/\/www.musikverein-ahaus.de\/de_de\/wp-json\/wp\/v2\/comments?post=5591"}],"version-history":[{"count":3,"href":"https:\/\/www.musikverein-ahaus.de\/de_de\/wp-json\/wp\/v2\/posts\/5591\/revisions"}],"predecessor-version":[{"id":5604,"href":"https:\/\/www.musikverein-ahaus.de\/de_de\/wp-json\/wp\/v2\/posts\/5591\/revisions\/5604"}],"wp:featuredmedia":[{"embeddable":true,"href":"https:\/\/www.musikverein-ahaus.de\/de_de\/wp-json\/wp\/v2\/media\/5602"}],"wp:attachment":[{"href":"https:\/\/www.musikverein-ahaus.de\/de_de\/wp-json\/wp\/v2\/media?parent=5591"}],"wp:term":[{"taxonomy":"category","embeddable":true,"href":"https:\/\/www.musikverein-ahaus.de\/de_de\/wp-json\/wp\/v2\/categories?post=5591"},{"taxonomy":"post_tag","embeddable":true,"href":"https:\/\/www.musikverein-ahaus.de\/de_de\/wp-json\/wp\/v2\/tags?post=5591"}],"curies":[{"name":"wp","href":"https:\/\/api.w.org\/{rel}","templated":true}]}}