{"id":5645,"date":"2020-12-20T01:48:49","date_gmt":"2020-12-20T00:48:49","guid":{"rendered":"https:\/\/www.musikverein-ahaus.de\/?p=5645"},"modified":"2022-02-13T18:24:14","modified_gmt":"2022-02-13T17:24:14","slug":"weihnachten-2020","status":"publish","type":"post","link":"https:\/\/www.musikverein-ahaus.de\/de_de\/weihnachten-2020\/","title":{"rendered":"Weihnachten 2020"},"content":{"rendered":"\n<p>Ruhig ist es geworden auf den\/diesen Seiten des Musikverein Ahaus 1975 e.V.<\/p>\n\n\n\n<p>Wie gerne h\u00e4tten wir ihnen auch in diesem Jahr wieder von Auftritten, Konzerten, Proben und das Vereinsleben allgemein berichtet, aber leider war uns das nicht verg\u00f6nnt.<\/p>\n\n\n\n<p>Alles musste &#8211; aus bekannten Gr\u00fcnden &#8211; abgesagt werden.<\/p>\n\n\n\n<p>Wie viele G\u00e4ste und alle Fans des Musikverein Ahaus wissen, ist und war der 4. Advent seit \u00fcber 40 Jahren <strong>der<\/strong> Termin f\u00fcr das Weihnachtskonzert des Musikverein Ahaus.<\/p>\n\n\n\n<p>Das wirklich entt\u00e4uschendste f\u00fcr alle Musiker ist es nun, ihnen das traditionelle Weihnachtskonzert 2020 nicht pr\u00e4sentieren zu d\u00fcrfen.<\/p>\n\n\n\n<p>Wir haben uns daher entschlossen, ihnen und euch hier eine <strong>ungek\u00fcrtze <\/strong>Videoaufnahme vom Weihnachtskonzert aus dem Jahr 2019 zur Verf\u00fcgung zu stellen. (es ist keine Studioaufnahme und \u201enur\u201c mit einem Microphone aufgenommen worden)<\/p>\n\n\n\n\n\n\n\n<p>Die Vorst\u00e4nde des Musikverein Ahaus, des F\u00f6rdervereins des Musikverein Ahaus, und alle Musikerinnen und Musiker w\u00fcnschen ihnen, ihren Familien und Angeh\u00f6rigen eine besinliche Adventszeit, ein sch\u00f6nes Weihnachtsfest und Gesundheit und Gl\u00fcck f\u00fcr das neue Jahr 2021.<\/p>\n\n\n\n<div class=\"wp-block-group\"><div class=\"wp-block-group__inner-container is-layout-flow wp-block-group-is-layout-flow\">\n<p>Bleiben sie gesund <\/p>\n\n\n\n<p>und <\/p>\n\n\n\n<div class=\"wp-block-group\"><div class=\"wp-block-group__inner-container is-layout-flow wp-block-group-is-layout-flow\">\n<p>dem Musikverein Ahaus 1975 e.V. treu. <\/p>\n\n\n\n<p>P.S.: Sie k\u00f6nnen die Aufnahme auch beim Vorstand erwerben und unterst\u00fctzen so den Musikverein Ahaus 1975 e.V. <\/p>\n<\/div><\/div>\n<\/div><\/div>\n\n\n\n<p><\/p>\n","protected":false},"excerpt":{"rendered":"<p>Ruhig ist es geworden auf den\/diesen Seiten des Musikverein Ahaus 1975 e.V. Wie gerne h\u00e4tten wir ihnen auch in diesem Jahr wieder von Auftritten, Konzerten, Proben und das Vereinsleben allgemein berichtet, aber leider war uns das nicht verg\u00f6nnt. Alles musste &#8211; aus bekannten Gr\u00fcnden &#8211; abgesagt werden. Wie viele G\u00e4ste und alle Fans des Musikverein<a href=\"https:\/\/www.musikverein-ahaus.de\/de_de\/weihnachten-2020\/\" class=\"read-more\">&nbsp; Continue Reading &raquo;<\/a><\/p>\n","protected":false},"author":7,"featured_media":0,"comment_status":"closed","ping_status":"closed","sticky":false,"template":"","format":"standard","meta":{"footnotes":""},"categories":[1],"tags":[],"class_list":["post-5645","post","type-post","status-publish","format-standard","hentry","category-allgemein","cat-1-id"],"_links":{"self":[{"href":"https:\/\/www.musikverein-ahaus.de\/de_de\/wp-json\/wp\/v2\/posts\/5645","targetHints":{"allow":["GET"]}}],"collection":[{"href":"https:\/\/www.musikverein-ahaus.de\/de_de\/wp-json\/wp\/v2\/posts"}],"about":[{"href":"https:\/\/www.musikverein-ahaus.de\/de_de\/wp-json\/wp\/v2\/types\/post"}],"author":[{"embeddable":true,"href":"https:\/\/www.musikverein-ahaus.de\/de_de\/wp-json\/wp\/v2\/users\/7"}],"replies":[{"embeddable":true,"href":"https:\/\/www.musikverein-ahaus.de\/de_de\/wp-json\/wp\/v2\/comments?post=5645"}],"version-history":[{"count":22,"href":"https:\/\/www.musikverein-ahaus.de\/de_de\/wp-json\/wp\/v2\/posts\/5645\/revisions"}],"predecessor-version":[{"id":5742,"href":"https:\/\/www.musikverein-ahaus.de\/de_de\/wp-json\/wp\/v2\/posts\/5645\/revisions\/5742"}],"wp:attachment":[{"href":"https:\/\/www.musikverein-ahaus.de\/de_de\/wp-json\/wp\/v2\/media?parent=5645"}],"wp:term":[{"taxonomy":"category","embeddable":true,"href":"https:\/\/www.musikverein-ahaus.de\/de_de\/wp-json\/wp\/v2\/categories?post=5645"},{"taxonomy":"post_tag","embeddable":true,"href":"https:\/\/www.musikverein-ahaus.de\/de_de\/wp-json\/wp\/v2\/tags?post=5645"}],"curies":[{"name":"wp","href":"https:\/\/api.w.org\/{rel}","templated":true}]}}