{"id":5854,"date":"2022-12-02T21:41:19","date_gmt":"2022-12-02T20:41:19","guid":{"rendered":"https:\/\/www.musikverein-ahaus.de\/?p=5854"},"modified":"2023-03-25T13:29:58","modified_gmt":"2023-03-25T12:29:58","slug":"unsere-weihnachtskonzert-2022","status":"publish","type":"post","link":"https:\/\/www.musikverein-ahaus.de\/de_de\/unsere-weihnachtskonzert-2022\/","title":{"rendered":"HIGHLIGHT, unser Weihnachtskonzert 2022"},"content":{"rendered":"\n<p>Der Musikverein Ahaus 1975 e.V. veranstaltet am 18.12. im Kulturquadrat unter der Leitung von <strong>Sebastian Busch<\/strong> wieder sein traditionelles Weihnachtskonzert. Nach monatelanger Vorbereitung in den eigenen Prober\u00e4umen ist das musikalische Ziel f\u00fcrs Konzert erreicht.<\/p>\n\n\n\n<figure class=\"wp-block-image size-full\"><a href=\"https:\/\/www.musikverein-ahaus.de\/wp-content\/uploads\/2022\/12\/Screenshot-2022-12-02-213436.jpg\"><img loading=\"lazy\" decoding=\"async\" width=\"979\" height=\"696\" src=\"https:\/\/www.musikverein-ahaus.de\/wp-content\/uploads\/2022\/12\/Screenshot-2022-12-02-213436.jpg\" alt=\"\" class=\"wp-image-5865\" srcset=\"https:\/\/www.musikverein-ahaus.de\/wp-content\/uploads\/2022\/12\/Screenshot-2022-12-02-213436.jpg 979w, https:\/\/www.musikverein-ahaus.de\/wp-content\/uploads\/2022\/12\/Screenshot-2022-12-02-213436-300x213.jpg 300w, https:\/\/www.musikverein-ahaus.de\/wp-content\/uploads\/2022\/12\/Screenshot-2022-12-02-213436-768x546.jpg 768w, https:\/\/www.musikverein-ahaus.de\/wp-content\/uploads\/2022\/12\/Screenshot-2022-12-02-213436-18x12.jpg 18w\" sizes=\"auto, (max-width: 979px) 100vw, 979px\" \/><\/a><\/figure>\n\n\n\n<p>Unter dem Motto <strong>\u201eHinter dem Horizont geht\u2019s weiter\u201c <\/strong>werden die Zuschauer\/innen in weihnachtliche Stimmung versetzt. Moderiert wird das Konzert vom Radio WMW Moderator <strong>Benjamin Rotzler<\/strong>.<\/p>\n\n\n\n<p>Viele bekannte St\u00fccke werden dargeboten und nat\u00fcrlich vorher nicht verraten. Die Mitglieder des Vereins freuen sich auf eine ausverkaufte Stadthalle.<\/p>\n\n\n\n<p>Karten k\u00f6nnen bei allen Mitgliedern, dem Ahauser Touristikb\u00fcro oder in der Tobit Chayns App zum Preis von 10\u20ac, erm\u00e4\u00dfigt f\u00fcr Kinder bis 16 Jahre f\u00fcr 5,- \u20ac erworben werden.<\/p>\n\n\n\n<p>Das Konzert beginnt um 16 Uhr, Einlass ist um 15 Uhr.<\/p>\n","protected":false},"excerpt":{"rendered":"<p>Der Musikverein Ahaus 1975 e.V. veranstaltet am 18.12. im Kulturquadrat unter der Leitung von Sebastian Busch wieder sein traditionelles Weihnachtskonzert. Nach monatelanger Vorbereitung in den eigenen Prober\u00e4umen ist das musikalische Ziel f\u00fcrs Konzert erreicht. Unter dem Motto \u201eHinter dem Horizont geht\u2019s weiter\u201c werden die Zuschauer\/innen in weihnachtliche Stimmung versetzt. Moderiert wird das Konzert vom Radio<a href=\"https:\/\/www.musikverein-ahaus.de\/de_de\/unsere-weihnachtskonzert-2022\/\" class=\"read-more\">&nbsp; Continue Reading &raquo;<\/a><\/p>\n","protected":false},"author":7,"featured_media":5865,"comment_status":"closed","ping_status":"closed","sticky":false,"template":"","format":"standard","meta":{"footnotes":""},"categories":[1],"tags":[],"class_list":["post-5854","post","type-post","status-publish","format-standard","has-post-thumbnail","hentry","category-allgemein","cat-1-id","has_thumb"],"_links":{"self":[{"href":"https:\/\/www.musikverein-ahaus.de\/de_de\/wp-json\/wp\/v2\/posts\/5854","targetHints":{"allow":["GET"]}}],"collection":[{"href":"https:\/\/www.musikverein-ahaus.de\/de_de\/wp-json\/wp\/v2\/posts"}],"about":[{"href":"https:\/\/www.musikverein-ahaus.de\/de_de\/wp-json\/wp\/v2\/types\/post"}],"author":[{"embeddable":true,"href":"https:\/\/www.musikverein-ahaus.de\/de_de\/wp-json\/wp\/v2\/users\/7"}],"replies":[{"embeddable":true,"href":"https:\/\/www.musikverein-ahaus.de\/de_de\/wp-json\/wp\/v2\/comments?post=5854"}],"version-history":[{"count":10,"href":"https:\/\/www.musikverein-ahaus.de\/de_de\/wp-json\/wp\/v2\/posts\/5854\/revisions"}],"predecessor-version":[{"id":5868,"href":"https:\/\/www.musikverein-ahaus.de\/de_de\/wp-json\/wp\/v2\/posts\/5854\/revisions\/5868"}],"wp:featuredmedia":[{"embeddable":true,"href":"https:\/\/www.musikverein-ahaus.de\/de_de\/wp-json\/wp\/v2\/media\/5865"}],"wp:attachment":[{"href":"https:\/\/www.musikverein-ahaus.de\/de_de\/wp-json\/wp\/v2\/media?parent=5854"}],"wp:term":[{"taxonomy":"category","embeddable":true,"href":"https:\/\/www.musikverein-ahaus.de\/de_de\/wp-json\/wp\/v2\/categories?post=5854"},{"taxonomy":"post_tag","embeddable":true,"href":"https:\/\/www.musikverein-ahaus.de\/de_de\/wp-json\/wp\/v2\/tags?post=5854"}],"curies":[{"name":"wp","href":"https:\/\/api.w.org\/{rel}","templated":true}]}}