{"id":5922,"date":"2024-01-30T18:07:00","date_gmt":"2024-01-30T17:07:00","guid":{"rendered":"https:\/\/www.musikverein-ahaus.de\/?p=5922"},"modified":"2024-06-30T18:12:46","modified_gmt":"2024-06-30T16:12:46","slug":"proben-fuer-die-schuetzenfestsaison-2024","status":"publish","type":"post","link":"https:\/\/www.musikverein-ahaus.de\/de_de\/proben-fuer-die-schuetzenfestsaison-2024\/","title":{"rendered":"Proben f\u00fcr die Sch\u00fctzenfestsaison 2024"},"content":{"rendered":"\n<p>Die Proben f\u00fcr die Sch\u00fctzenfestsaison 2024 beginnen schon fr\u00fchzeitig im Januar 2024 da wir von zahlreichen Sch\u00fctzenvereinen angagiert worden sind.<\/p>\n\n\n\n<figure class=\"wp-block-image size-large\"><a href=\"https:\/\/www.musikverein-ahaus.de\/wp-content\/uploads\/2024\/06\/423162430_907992491327595_8289830606856263065_n.jpg\"><img loading=\"lazy\" decoding=\"async\" width=\"768\" height=\"1024\" src=\"https:\/\/www.musikverein-ahaus.de\/wp-content\/uploads\/2024\/06\/423162430_907992491327595_8289830606856263065_n-768x1024.jpg\" alt=\"\" class=\"wp-image-5923\" srcset=\"https:\/\/www.musikverein-ahaus.de\/wp-content\/uploads\/2024\/06\/423162430_907992491327595_8289830606856263065_n-768x1024.jpg 768w, https:\/\/www.musikverein-ahaus.de\/wp-content\/uploads\/2024\/06\/423162430_907992491327595_8289830606856263065_n-225x300.jpg 225w, https:\/\/www.musikverein-ahaus.de\/wp-content\/uploads\/2024\/06\/423162430_907992491327595_8289830606856263065_n-1152x1536.jpg 1152w, https:\/\/www.musikverein-ahaus.de\/wp-content\/uploads\/2024\/06\/423162430_907992491327595_8289830606856263065_n-9x12.jpg 9w, https:\/\/www.musikverein-ahaus.de\/wp-content\/uploads\/2024\/06\/423162430_907992491327595_8289830606856263065_n.jpg 1536w\" sizes=\"auto, (max-width: 768px) 100vw, 768px\" \/><\/a><\/figure>\n","protected":false},"excerpt":{"rendered":"<p>Die Proben f\u00fcr die Sch\u00fctzenfestsaison 2024 beginnen schon fr\u00fchzeitig im Januar 2024 da wir von zahlreichen Sch\u00fctzenvereinen angagiert worden sind.<\/p>\n","protected":false},"author":7,"featured_media":5923,"comment_status":"closed","ping_status":"closed","sticky":false,"template":"","format":"standard","meta":{"footnotes":""},"categories":[1,4],"tags":[],"class_list":["post-5922","post","type-post","status-publish","format-standard","has-post-thumbnail","hentry","category-allgemein","category-fotos","cat-1-id","cat-4-id","has_thumb"],"_links":{"self":[{"href":"https:\/\/www.musikverein-ahaus.de\/de_de\/wp-json\/wp\/v2\/posts\/5922","targetHints":{"allow":["GET"]}}],"collection":[{"href":"https:\/\/www.musikverein-ahaus.de\/de_de\/wp-json\/wp\/v2\/posts"}],"about":[{"href":"https:\/\/www.musikverein-ahaus.de\/de_de\/wp-json\/wp\/v2\/types\/post"}],"author":[{"embeddable":true,"href":"https:\/\/www.musikverein-ahaus.de\/de_de\/wp-json\/wp\/v2\/users\/7"}],"replies":[{"embeddable":true,"href":"https:\/\/www.musikverein-ahaus.de\/de_de\/wp-json\/wp\/v2\/comments?post=5922"}],"version-history":[{"count":2,"href":"https:\/\/www.musikverein-ahaus.de\/de_de\/wp-json\/wp\/v2\/posts\/5922\/revisions"}],"predecessor-version":[{"id":5926,"href":"https:\/\/www.musikverein-ahaus.de\/de_de\/wp-json\/wp\/v2\/posts\/5922\/revisions\/5926"}],"wp:featuredmedia":[{"embeddable":true,"href":"https:\/\/www.musikverein-ahaus.de\/de_de\/wp-json\/wp\/v2\/media\/5923"}],"wp:attachment":[{"href":"https:\/\/www.musikverein-ahaus.de\/de_de\/wp-json\/wp\/v2\/media?parent=5922"}],"wp:term":[{"taxonomy":"category","embeddable":true,"href":"https:\/\/www.musikverein-ahaus.de\/de_de\/wp-json\/wp\/v2\/categories?post=5922"},{"taxonomy":"post_tag","embeddable":true,"href":"https:\/\/www.musikverein-ahaus.de\/de_de\/wp-json\/wp\/v2\/tags?post=5922"}],"curies":[{"name":"wp","href":"https:\/\/api.w.org\/{rel}","templated":true}]}}