{"id":5927,"date":"2024-04-20T18:13:00","date_gmt":"2024-04-20T16:13:00","guid":{"rendered":"https:\/\/www.musikverein-ahaus.de\/?p=5927"},"modified":"2024-06-30T19:27:07","modified_gmt":"2024-06-30T17:27:07","slug":"der-neue-alte-vorstand-wurde-gewaehlt","status":"publish","type":"post","link":"https:\/\/www.musikverein-ahaus.de\/de_de\/der-neue-alte-vorstand-wurde-gewaehlt\/","title":{"rendered":"Der neue\/alte Vorstand wurde gew\u00e4hlt"},"content":{"rendered":"\n<p>Auch in diesem Jahr wurden alle Mitglieder zur ordentlichen Mitgliederversammlung des F\u00f6rdervereins des Musikverein Ahaus 1975 e.V. (FV) und des Musikverein Ahaus 1975 e.V. (MV) satzungsgem\u00e4\u00df eingeladen.<\/p>\n\n\n\n<p>Am Freitag den 12.04.2024, ab 19:30 Uhr wurde in der Gastst\u00e4tte \u201cMarktsch\u00e4nke Rolfes\u201c sowohl der Vorstand des FV (1. Vorsitzender Bruno Tenhumberg) als auch der Vorstand des MV (hier der 1. Vorsitzende Thomas Kemmer, der Kassierer Heinz B\u00fcning und ein Jugendvertreter Henning Sch\u00fccker) erneut gew\u00e4hlt.<\/p>\n\n\n\n<p>Wichtige Themen bei FV waren u.a. die anstehenden Beitragserh\u00f6hungen. Es wurden moderate Beitragserh\u00f6hungen ab 2025 beschlossen. <\/p>\n\n\n\n<p>Das wohl wichtigste Thema beim MV war die Ank\u00fcndigung, das kein neuer Dirigent mehr gesucht wird. Die Sch\u00fctzenfestsaison 2024 wird wird von Thorsten Kleideiter dirigiert (geleitet). Markus Rupe wird den Verein dann wieder ab der zweiten Jahresh\u00e4lfte u.a. auf das Weihnachtskonzert vorbereiten.  <\/p>\n\n\n\n<figure class=\"wp-block-image size-large\"><a href=\"https:\/\/www.musikverein-ahaus.de\/wp-content\/uploads\/2024\/06\/437540653_844541694337294_3218851105769141169_n.jpg\"><img loading=\"lazy\" decoding=\"async\" width=\"1024\" height=\"1024\" src=\"https:\/\/www.musikverein-ahaus.de\/wp-content\/uploads\/2024\/06\/437540653_844541694337294_3218851105769141169_n-1024x1024.jpg\" alt=\"\" class=\"wp-image-5928\" srcset=\"https:\/\/www.musikverein-ahaus.de\/wp-content\/uploads\/2024\/06\/437540653_844541694337294_3218851105769141169_n-1024x1024.jpg 1024w, https:\/\/www.musikverein-ahaus.de\/wp-content\/uploads\/2024\/06\/437540653_844541694337294_3218851105769141169_n-300x300.jpg 300w, https:\/\/www.musikverein-ahaus.de\/wp-content\/uploads\/2024\/06\/437540653_844541694337294_3218851105769141169_n-150x150.jpg 150w, https:\/\/www.musikverein-ahaus.de\/wp-content\/uploads\/2024\/06\/437540653_844541694337294_3218851105769141169_n-768x768.jpg 768w, https:\/\/www.musikverein-ahaus.de\/wp-content\/uploads\/2024\/06\/437540653_844541694337294_3218851105769141169_n-12x12.jpg 12w, https:\/\/www.musikverein-ahaus.de\/wp-content\/uploads\/2024\/06\/437540653_844541694337294_3218851105769141169_n.jpg 1440w\" sizes=\"auto, (max-width: 1024px) 100vw, 1024px\" \/><\/a><\/figure>\n","protected":false},"excerpt":{"rendered":"<p>Auch in diesem Jahr wurden alle Mitglieder zur ordentlichen Mitgliederversammlung des F\u00f6rdervereins des Musikverein Ahaus 1975 e.V. (FV) und des Musikverein Ahaus 1975 e.V. (MV) satzungsgem\u00e4\u00df eingeladen. Am Freitag den 12.04.2024, ab 19:30 Uhr wurde in der Gastst\u00e4tte \u201cMarktsch\u00e4nke Rolfes\u201c sowohl der Vorstand des FV (1. Vorsitzender Bruno Tenhumberg) als auch der Vorstand des MV<a href=\"https:\/\/www.musikverein-ahaus.de\/de_de\/der-neue-alte-vorstand-wurde-gewaehlt\/\" class=\"read-more\">&nbsp; Continue Reading &raquo;<\/a><\/p>\n","protected":false},"author":7,"featured_media":5928,"comment_status":"closed","ping_status":"closed","sticky":false,"template":"","format":"standard","meta":{"footnotes":""},"categories":[1,4],"tags":[],"class_list":["post-5927","post","type-post","status-publish","format-standard","has-post-thumbnail","hentry","category-allgemein","category-fotos","cat-1-id","cat-4-id","has_thumb"],"_links":{"self":[{"href":"https:\/\/www.musikverein-ahaus.de\/de_de\/wp-json\/wp\/v2\/posts\/5927","targetHints":{"allow":["GET"]}}],"collection":[{"href":"https:\/\/www.musikverein-ahaus.de\/de_de\/wp-json\/wp\/v2\/posts"}],"about":[{"href":"https:\/\/www.musikverein-ahaus.de\/de_de\/wp-json\/wp\/v2\/types\/post"}],"author":[{"embeddable":true,"href":"https:\/\/www.musikverein-ahaus.de\/de_de\/wp-json\/wp\/v2\/users\/7"}],"replies":[{"embeddable":true,"href":"https:\/\/www.musikverein-ahaus.de\/de_de\/wp-json\/wp\/v2\/comments?post=5927"}],"version-history":[{"count":2,"href":"https:\/\/www.musikverein-ahaus.de\/de_de\/wp-json\/wp\/v2\/posts\/5927\/revisions"}],"predecessor-version":[{"id":5944,"href":"https:\/\/www.musikverein-ahaus.de\/de_de\/wp-json\/wp\/v2\/posts\/5927\/revisions\/5944"}],"wp:featuredmedia":[{"embeddable":true,"href":"https:\/\/www.musikverein-ahaus.de\/de_de\/wp-json\/wp\/v2\/media\/5928"}],"wp:attachment":[{"href":"https:\/\/www.musikverein-ahaus.de\/de_de\/wp-json\/wp\/v2\/media?parent=5927"}],"wp:term":[{"taxonomy":"category","embeddable":true,"href":"https:\/\/www.musikverein-ahaus.de\/de_de\/wp-json\/wp\/v2\/categories?post=5927"},{"taxonomy":"post_tag","embeddable":true,"href":"https:\/\/www.musikverein-ahaus.de\/de_de\/wp-json\/wp\/v2\/tags?post=5927"}],"curies":[{"name":"wp","href":"https:\/\/api.w.org\/{rel}","templated":true}]}}