{"id":5934,"date":"2024-05-18T18:49:00","date_gmt":"2024-05-18T16:49:00","guid":{"rendered":"https:\/\/www.musikverein-ahaus.de\/?p=5934"},"modified":"2024-06-30T18:58:56","modified_gmt":"2024-06-30T16:58:56","slug":"schuetzenverein-feldmark-sued-1962-e-v","status":"publish","type":"post","link":"https:\/\/www.musikverein-ahaus.de\/de_de\/schuetzenverein-feldmark-sued-1962-e-v\/","title":{"rendered":"Sch\u00fctzenverein Feldmark S\u00fcd 1962 e. V."},"content":{"rendered":"\n<p>Mit dem Sch\u00fctzenverein Feldmark S\u00fcd 1962 e.V. beginnt unsere Sch\u00fctzenfestsaison. Wenn man den Teilnehmern glauben darf (und das machen wir) war das Wochenende ein voller Erfolg.<\/p>\n\n\n\n<figure class=\"wp-block-gallery has-nested-images columns-default is-cropped wp-block-gallery-1 is-layout-flex wp-block-gallery-is-layout-flex\">\n<figure class=\"wp-block-image size-large\"><a href=\"https:\/\/www.musikverein-ahaus.de\/wp-content\/uploads\/2024\/06\/443916566_18267264103228101_2041079635930516920_n.jpg\"><img loading=\"lazy\" decoding=\"async\" width=\"1024\" height=\"576\" data-id=\"5935\" src=\"https:\/\/www.musikverein-ahaus.de\/wp-content\/uploads\/2024\/06\/443916566_18267264103228101_2041079635930516920_n-1024x576.jpg\" alt=\"\" class=\"wp-image-5935\" srcset=\"https:\/\/www.musikverein-ahaus.de\/wp-content\/uploads\/2024\/06\/443916566_18267264103228101_2041079635930516920_n-1024x576.jpg 1024w, https:\/\/www.musikverein-ahaus.de\/wp-content\/uploads\/2024\/06\/443916566_18267264103228101_2041079635930516920_n-300x169.jpg 300w, https:\/\/www.musikverein-ahaus.de\/wp-content\/uploads\/2024\/06\/443916566_18267264103228101_2041079635930516920_n-768x432.jpg 768w, https:\/\/www.musikverein-ahaus.de\/wp-content\/uploads\/2024\/06\/443916566_18267264103228101_2041079635930516920_n-18x10.jpg 18w, https:\/\/www.musikverein-ahaus.de\/wp-content\/uploads\/2024\/06\/443916566_18267264103228101_2041079635930516920_n.jpg 1440w\" sizes=\"auto, (max-width: 1024px) 100vw, 1024px\" \/><\/a><\/figure>\n\n\n\n<figure class=\"wp-block-image size-large\"><a href=\"https:\/\/www.musikverein-ahaus.de\/wp-content\/uploads\/2024\/06\/443838479_18267264112228101_5156337295860501139_n.jpg\"><img loading=\"lazy\" decoding=\"async\" width=\"1024\" height=\"576\" data-id=\"5936\" src=\"https:\/\/www.musikverein-ahaus.de\/wp-content\/uploads\/2024\/06\/443838479_18267264112228101_5156337295860501139_n-1024x576.jpg\" alt=\"\" class=\"wp-image-5936\" srcset=\"https:\/\/www.musikverein-ahaus.de\/wp-content\/uploads\/2024\/06\/443838479_18267264112228101_5156337295860501139_n-1024x576.jpg 1024w, https:\/\/www.musikverein-ahaus.de\/wp-content\/uploads\/2024\/06\/443838479_18267264112228101_5156337295860501139_n-300x169.jpg 300w, https:\/\/www.musikverein-ahaus.de\/wp-content\/uploads\/2024\/06\/443838479_18267264112228101_5156337295860501139_n-768x432.jpg 768w, https:\/\/www.musikverein-ahaus.de\/wp-content\/uploads\/2024\/06\/443838479_18267264112228101_5156337295860501139_n-18x10.jpg 18w, https:\/\/www.musikverein-ahaus.de\/wp-content\/uploads\/2024\/06\/443838479_18267264112228101_5156337295860501139_n.jpg 1440w\" sizes=\"auto, (max-width: 1024px) 100vw, 1024px\" \/><\/a><\/figure>\n\n\n\n<figure class=\"wp-block-image size-large\"><a href=\"https:\/\/www.musikverein-ahaus.de\/wp-content\/uploads\/2024\/06\/444485756_18267264094228101_3254546684451416352_n.jpg\"><img loading=\"lazy\" decoding=\"async\" width=\"1024\" height=\"576\" data-id=\"5937\" src=\"https:\/\/www.musikverein-ahaus.de\/wp-content\/uploads\/2024\/06\/444485756_18267264094228101_3254546684451416352_n-1024x576.jpg\" alt=\"\" class=\"wp-image-5937\" srcset=\"https:\/\/www.musikverein-ahaus.de\/wp-content\/uploads\/2024\/06\/444485756_18267264094228101_3254546684451416352_n-1024x576.jpg 1024w, https:\/\/www.musikverein-ahaus.de\/wp-content\/uploads\/2024\/06\/444485756_18267264094228101_3254546684451416352_n-300x169.jpg 300w, https:\/\/www.musikverein-ahaus.de\/wp-content\/uploads\/2024\/06\/444485756_18267264094228101_3254546684451416352_n-768x432.jpg 768w, https:\/\/www.musikverein-ahaus.de\/wp-content\/uploads\/2024\/06\/444485756_18267264094228101_3254546684451416352_n-18x10.jpg 18w, https:\/\/www.musikverein-ahaus.de\/wp-content\/uploads\/2024\/06\/444485756_18267264094228101_3254546684451416352_n.jpg 1440w\" sizes=\"auto, (max-width: 1024px) 100vw, 1024px\" \/><\/a><\/figure>\n\n\n\n<figure class=\"wp-block-image size-large\"><a href=\"https:\/\/www.musikverein-ahaus.de\/wp-content\/uploads\/2024\/06\/443714596_18267264064228101_1823249805378606556_n.jpg\"><img loading=\"lazy\" decoding=\"async\" width=\"1024\" height=\"576\" data-id=\"5938\" src=\"https:\/\/www.musikverein-ahaus.de\/wp-content\/uploads\/2024\/06\/443714596_18267264064228101_1823249805378606556_n-1024x576.jpg\" alt=\"\" class=\"wp-image-5938\" srcset=\"https:\/\/www.musikverein-ahaus.de\/wp-content\/uploads\/2024\/06\/443714596_18267264064228101_1823249805378606556_n-1024x576.jpg 1024w, https:\/\/www.musikverein-ahaus.de\/wp-content\/uploads\/2024\/06\/443714596_18267264064228101_1823249805378606556_n-300x169.jpg 300w, https:\/\/www.musikverein-ahaus.de\/wp-content\/uploads\/2024\/06\/443714596_18267264064228101_1823249805378606556_n-768x432.jpg 768w, https:\/\/www.musikverein-ahaus.de\/wp-content\/uploads\/2024\/06\/443714596_18267264064228101_1823249805378606556_n-18x10.jpg 18w, https:\/\/www.musikverein-ahaus.de\/wp-content\/uploads\/2024\/06\/443714596_18267264064228101_1823249805378606556_n.jpg 1440w\" sizes=\"auto, (max-width: 1024px) 100vw, 1024px\" \/><\/a><\/figure>\n\n\n\n<figure class=\"wp-block-image size-large\"><a href=\"https:\/\/www.musikverein-ahaus.de\/wp-content\/uploads\/2024\/06\/445171121_18267264085228101_6590926155146291458_n.jpg\"><img loading=\"lazy\" decoding=\"async\" width=\"1024\" height=\"576\" data-id=\"5939\" src=\"https:\/\/www.musikverein-ahaus.de\/wp-content\/uploads\/2024\/06\/445171121_18267264085228101_6590926155146291458_n-1024x576.jpg\" alt=\"\" class=\"wp-image-5939\" srcset=\"https:\/\/www.musikverein-ahaus.de\/wp-content\/uploads\/2024\/06\/445171121_18267264085228101_6590926155146291458_n-1024x576.jpg 1024w, https:\/\/www.musikverein-ahaus.de\/wp-content\/uploads\/2024\/06\/445171121_18267264085228101_6590926155146291458_n-300x169.jpg 300w, https:\/\/www.musikverein-ahaus.de\/wp-content\/uploads\/2024\/06\/445171121_18267264085228101_6590926155146291458_n-768x432.jpg 768w, https:\/\/www.musikverein-ahaus.de\/wp-content\/uploads\/2024\/06\/445171121_18267264085228101_6590926155146291458_n-18x10.jpg 18w, https:\/\/www.musikverein-ahaus.de\/wp-content\/uploads\/2024\/06\/445171121_18267264085228101_6590926155146291458_n.jpg 1440w\" sizes=\"auto, (max-width: 1024px) 100vw, 1024px\" \/><\/a><\/figure>\n\n\n\n<figure class=\"wp-block-image size-large\"><a href=\"https:\/\/www.musikverein-ahaus.de\/wp-content\/uploads\/2024\/06\/444204657_18267264076228101_2526908650470897713_n.jpg\"><img loading=\"lazy\" decoding=\"async\" width=\"1024\" height=\"576\" data-id=\"5940\" src=\"https:\/\/www.musikverein-ahaus.de\/wp-content\/uploads\/2024\/06\/444204657_18267264076228101_2526908650470897713_n-1024x576.jpg\" alt=\"\" class=\"wp-image-5940\" srcset=\"https:\/\/www.musikverein-ahaus.de\/wp-content\/uploads\/2024\/06\/444204657_18267264076228101_2526908650470897713_n-1024x576.jpg 1024w, https:\/\/www.musikverein-ahaus.de\/wp-content\/uploads\/2024\/06\/444204657_18267264076228101_2526908650470897713_n-300x169.jpg 300w, https:\/\/www.musikverein-ahaus.de\/wp-content\/uploads\/2024\/06\/444204657_18267264076228101_2526908650470897713_n-768x432.jpg 768w, https:\/\/www.musikverein-ahaus.de\/wp-content\/uploads\/2024\/06\/444204657_18267264076228101_2526908650470897713_n-18x10.jpg 18w, https:\/\/www.musikverein-ahaus.de\/wp-content\/uploads\/2024\/06\/444204657_18267264076228101_2526908650470897713_n.jpg 1440w\" sizes=\"auto, (max-width: 1024px) 100vw, 1024px\" \/><\/a><\/figure>\n\n\n\n<figure class=\"wp-block-image size-large\"><a href=\"https:\/\/www.musikverein-ahaus.de\/wp-content\/uploads\/2024\/06\/445220327_18267264055228101_9111162695843289430_n.jpg\"><img loading=\"lazy\" decoding=\"async\" width=\"1024\" height=\"576\" data-id=\"5941\" src=\"https:\/\/www.musikverein-ahaus.de\/wp-content\/uploads\/2024\/06\/445220327_18267264055228101_9111162695843289430_n-1024x576.jpg\" alt=\"\" class=\"wp-image-5941\" srcset=\"https:\/\/www.musikverein-ahaus.de\/wp-content\/uploads\/2024\/06\/445220327_18267264055228101_9111162695843289430_n-1024x576.jpg 1024w, https:\/\/www.musikverein-ahaus.de\/wp-content\/uploads\/2024\/06\/445220327_18267264055228101_9111162695843289430_n-300x169.jpg 300w, https:\/\/www.musikverein-ahaus.de\/wp-content\/uploads\/2024\/06\/445220327_18267264055228101_9111162695843289430_n-768x432.jpg 768w, https:\/\/www.musikverein-ahaus.de\/wp-content\/uploads\/2024\/06\/445220327_18267264055228101_9111162695843289430_n-18x10.jpg 18w, https:\/\/www.musikverein-ahaus.de\/wp-content\/uploads\/2024\/06\/445220327_18267264055228101_9111162695843289430_n.jpg 1440w\" sizes=\"auto, (max-width: 1024px) 100vw, 1024px\" \/><\/a><\/figure>\n<\/figure>\n","protected":false},"excerpt":{"rendered":"<p>Mit dem Sch\u00fctzenverein Feldmark S\u00fcd 1962 e.V. beginnt unsere Sch\u00fctzenfestsaison. Wenn man den Teilnehmern glauben darf (und das machen wir) war das Wochenende ein voller Erfolg.<\/p>\n","protected":false},"author":7,"featured_media":5941,"comment_status":"closed","ping_status":"closed","sticky":false,"template":"","format":"standard","meta":{"footnotes":""},"categories":[1,4],"tags":[],"class_list":["post-5934","post","type-post","status-publish","format-standard","has-post-thumbnail","hentry","category-allgemein","category-fotos","cat-1-id","cat-4-id","has_thumb"],"_links":{"self":[{"href":"https:\/\/www.musikverein-ahaus.de\/de_de\/wp-json\/wp\/v2\/posts\/5934","targetHints":{"allow":["GET"]}}],"collection":[{"href":"https:\/\/www.musikverein-ahaus.de\/de_de\/wp-json\/wp\/v2\/posts"}],"about":[{"href":"https:\/\/www.musikverein-ahaus.de\/de_de\/wp-json\/wp\/v2\/types\/post"}],"author":[{"embeddable":true,"href":"https:\/\/www.musikverein-ahaus.de\/de_de\/wp-json\/wp\/v2\/users\/7"}],"replies":[{"embeddable":true,"href":"https:\/\/www.musikverein-ahaus.de\/de_de\/wp-json\/wp\/v2\/comments?post=5934"}],"version-history":[{"count":1,"href":"https:\/\/www.musikverein-ahaus.de\/de_de\/wp-json\/wp\/v2\/posts\/5934\/revisions"}],"predecessor-version":[{"id":5942,"href":"https:\/\/www.musikverein-ahaus.de\/de_de\/wp-json\/wp\/v2\/posts\/5934\/revisions\/5942"}],"wp:featuredmedia":[{"embeddable":true,"href":"https:\/\/www.musikverein-ahaus.de\/de_de\/wp-json\/wp\/v2\/media\/5941"}],"wp:attachment":[{"href":"https:\/\/www.musikverein-ahaus.de\/de_de\/wp-json\/wp\/v2\/media?parent=5934"}],"wp:term":[{"taxonomy":"category","embeddable":true,"href":"https:\/\/www.musikverein-ahaus.de\/de_de\/wp-json\/wp\/v2\/categories?post=5934"},{"taxonomy":"post_tag","embeddable":true,"href":"https:\/\/www.musikverein-ahaus.de\/de_de\/wp-json\/wp\/v2\/tags?post=5934"}],"curies":[{"name":"wp","href":"https:\/\/api.w.org\/{rel}","templated":true}]}}