{"id":5945,"date":"2024-06-30T19:57:43","date_gmt":"2024-06-30T17:57:43","guid":{"rendered":"https:\/\/www.musikverein-ahaus.de\/?p=5945"},"modified":"2024-06-30T21:48:17","modified_gmt":"2024-06-30T19:48:17","slug":"wieder-eine-14-taegige-gruppenreise-mit-dem-musikverein-ahaus-1975-e-v","status":"publish","type":"post","link":"https:\/\/www.musikverein-ahaus.de\/de_de\/wieder-eine-14-taegige-gruppenreise-mit-dem-musikverein-ahaus-1975-e-v\/","title":{"rendered":"Wieder eine 14-t\u00e4gige Gruppenreise mit dem Musikverein Ahaus 1975 e.V."},"content":{"rendered":"\n<p>Namibia Grupenreise unter der Leitung: Eddy und Thorsten Kleideiter vom 13.10.- 26.10.2025 (Herbstferien NRW)<\/p>\n\n\n\n<p>Erleben Sie den Zauber Namibias auf dieser Rundreise zu den H\u00f6hepunkten des Landes.<br>Diese Reise beginnt zun\u00e4chst im kolonialen Windhoek und f\u00fchrt Sie weiter in die<br>tierreichen Weiten der Kalahari. Anschlie\u00dfend erleben Sie die h\u00f6chsten D\u00fcnen der Welt im Sossusvlei sowie idyllische Kleinstadtatmosph\u00e4re in Swakopmund. Im Damaraland staunen Sie \u00fcber die Felsgravuren von Twyfelfontein, bevor es weitergeht in den ber\u00fchmten Etoscha-Nationalpark. Auf ausgiebigen Pirschfahrten beobachten Sie hier mit etwas Gl\u00fcck Elefanten, L\u00f6wen, Giraffen, Nash\u00f6rner und andere Tiere in ihrer nat\u00fcrlichen Umgebung. Ein unvergesslicher Moment!<br>Lesen sie mehr \u00fcber die Reise in <a href=\"https:\/\/www.musikverein-ahaus.de\/wp-content\/uploads\/2024\/06\/Folder-Namibia-Version-02-DINAA3_ocred_144dpi_75-1.pdf\"><strong>unserem Flyer<\/strong><\/a>.<\/p>\n\n\n\n<figure class=\"wp-block-image size-large\"><a href=\"https:\/\/www.musikverein-ahaus.de\/wp-content\/uploads\/2024\/06\/Flyer2.jpg\"><img loading=\"lazy\" decoding=\"async\" width=\"1024\" height=\"666\" src=\"https:\/\/www.musikverein-ahaus.de\/wp-content\/uploads\/2024\/06\/Flyer2-1024x666.jpg\" alt=\"\" class=\"wp-image-5949\" srcset=\"https:\/\/www.musikverein-ahaus.de\/wp-content\/uploads\/2024\/06\/Flyer2-1024x666.jpg 1024w, https:\/\/www.musikverein-ahaus.de\/wp-content\/uploads\/2024\/06\/Flyer2-300x195.jpg 300w, https:\/\/www.musikverein-ahaus.de\/wp-content\/uploads\/2024\/06\/Flyer2-768x500.jpg 768w, https:\/\/www.musikverein-ahaus.de\/wp-content\/uploads\/2024\/06\/Flyer2-18x12.jpg 18w, https:\/\/www.musikverein-ahaus.de\/wp-content\/uploads\/2024\/06\/Flyer2.jpg 1190w\" sizes=\"auto, (max-width: 1024px) 100vw, 1024px\" \/><\/a><\/figure>\n\n\n\n<figure class=\"wp-block-gallery has-nested-images columns-default is-cropped wp-block-gallery-1 is-layout-flex wp-block-gallery-is-layout-flex\">\n<figure class=\"wp-block-image size-large\"><a href=\"https:\/\/www.musikverein-ahaus.de\/wp-content\/uploads\/2024\/06\/Flyer1.jpg\"><img loading=\"lazy\" decoding=\"async\" width=\"1024\" height=\"661\" data-id=\"5950\" src=\"https:\/\/www.musikverein-ahaus.de\/wp-content\/uploads\/2024\/06\/Flyer1-1024x661.jpg\" alt=\"\" class=\"wp-image-5950\" srcset=\"https:\/\/www.musikverein-ahaus.de\/wp-content\/uploads\/2024\/06\/Flyer1-1024x661.jpg 1024w, https:\/\/www.musikverein-ahaus.de\/wp-content\/uploads\/2024\/06\/Flyer1-300x194.jpg 300w, https:\/\/www.musikverein-ahaus.de\/wp-content\/uploads\/2024\/06\/Flyer1-768x495.jpg 768w, https:\/\/www.musikverein-ahaus.de\/wp-content\/uploads\/2024\/06\/Flyer1-18x12.jpg 18w, https:\/\/www.musikverein-ahaus.de\/wp-content\/uploads\/2024\/06\/Flyer1.jpg 1189w\" sizes=\"auto, (max-width: 1024px) 100vw, 1024px\" \/><\/a><\/figure>\n<\/figure>\n","protected":false},"excerpt":{"rendered":"<p>Namibia Grupenreise unter der Leitung: Eddy und Thorsten Kleideiter vom 13.10.- 26.10.2025 (Herbstferien NRW) Erleben Sie den Zauber Namibias auf dieser Rundreise zu den H\u00f6hepunkten des Landes.Diese Reise beginnt zun\u00e4chst im kolonialen Windhoek und f\u00fchrt Sie weiter in dietierreichen Weiten der Kalahari. Anschlie\u00dfend erleben Sie die h\u00f6chsten D\u00fcnen der Welt im Sossusvlei sowie idyllische Kleinstadtatmosph\u00e4re<a href=\"https:\/\/www.musikverein-ahaus.de\/de_de\/wieder-eine-14-taegige-gruppenreise-mit-dem-musikverein-ahaus-1975-e-v\/\" class=\"read-more\">&nbsp; Continue Reading &raquo;<\/a><\/p>\n","protected":false},"author":7,"featured_media":5956,"comment_status":"closed","ping_status":"closed","sticky":false,"template":"","format":"standard","meta":{"footnotes":""},"categories":[1,4],"tags":[],"class_list":["post-5945","post","type-post","status-publish","format-standard","has-post-thumbnail","hentry","category-allgemein","category-fotos","cat-1-id","cat-4-id","has_thumb"],"_links":{"self":[{"href":"https:\/\/www.musikverein-ahaus.de\/de_de\/wp-json\/wp\/v2\/posts\/5945","targetHints":{"allow":["GET"]}}],"collection":[{"href":"https:\/\/www.musikverein-ahaus.de\/de_de\/wp-json\/wp\/v2\/posts"}],"about":[{"href":"https:\/\/www.musikverein-ahaus.de\/de_de\/wp-json\/wp\/v2\/types\/post"}],"author":[{"embeddable":true,"href":"https:\/\/www.musikverein-ahaus.de\/de_de\/wp-json\/wp\/v2\/users\/7"}],"replies":[{"embeddable":true,"href":"https:\/\/www.musikverein-ahaus.de\/de_de\/wp-json\/wp\/v2\/comments?post=5945"}],"version-history":[{"count":9,"href":"https:\/\/www.musikverein-ahaus.de\/de_de\/wp-json\/wp\/v2\/posts\/5945\/revisions"}],"predecessor-version":[{"id":5975,"href":"https:\/\/www.musikverein-ahaus.de\/de_de\/wp-json\/wp\/v2\/posts\/5945\/revisions\/5975"}],"wp:featuredmedia":[{"embeddable":true,"href":"https:\/\/www.musikverein-ahaus.de\/de_de\/wp-json\/wp\/v2\/media\/5956"}],"wp:attachment":[{"href":"https:\/\/www.musikverein-ahaus.de\/de_de\/wp-json\/wp\/v2\/media?parent=5945"}],"wp:term":[{"taxonomy":"category","embeddable":true,"href":"https:\/\/www.musikverein-ahaus.de\/de_de\/wp-json\/wp\/v2\/categories?post=5945"},{"taxonomy":"post_tag","embeddable":true,"href":"https:\/\/www.musikverein-ahaus.de\/de_de\/wp-json\/wp\/v2\/tags?post=5945"}],"curies":[{"name":"wp","href":"https:\/\/api.w.org\/{rel}","templated":true}]}}