{"id":5967,"date":"2024-05-07T21:17:00","date_gmt":"2024-05-07T19:17:00","guid":{"rendered":"https:\/\/www.musikverein-ahaus.de\/?p=5967"},"modified":"2024-06-30T21:30:45","modified_gmt":"2024-06-30T19:30:45","slug":"ich-bin-dann-mal-weg","status":"publish","type":"post","link":"https:\/\/www.musikverein-ahaus.de\/de_de\/ich-bin-dann-mal-weg\/","title":{"rendered":"ich bin dann mal weg"},"content":{"rendered":"\n<p>Unser Dirigent Markus Rupe wurde am 04.05.2024 bei einer letzten Probe -wie wir dann erfahren haben- in eine &#8222;Pause&#8220; verabschiedet. In eine &#8222;Pause&#8220;, weil er uns ab der zweiten Jahresh\u00e4lfte 2024 u.a. wieder auf unser Weihnachtskonzert vorbereiten wird. Dar\u00fcber haben sich nat\u00fcrlich alle MusikerInnen sehr gefreut.<\/p>\n\n\n\n<figure class=\"wp-block-image size-large\"><a href=\"https:\/\/www.musikverein-ahaus.de\/wp-content\/uploads\/2024\/06\/IMG-20240504-WA0005.jpg\"><img loading=\"lazy\" decoding=\"async\" width=\"1024\" height=\"1024\" src=\"https:\/\/www.musikverein-ahaus.de\/wp-content\/uploads\/2024\/06\/IMG-20240504-WA0005-1024x1024.jpg\" alt=\"\" class=\"wp-image-5968\" srcset=\"https:\/\/www.musikverein-ahaus.de\/wp-content\/uploads\/2024\/06\/IMG-20240504-WA0005-1024x1024.jpg 1024w, https:\/\/www.musikverein-ahaus.de\/wp-content\/uploads\/2024\/06\/IMG-20240504-WA0005-300x300.jpg 300w, https:\/\/www.musikverein-ahaus.de\/wp-content\/uploads\/2024\/06\/IMG-20240504-WA0005-150x150.jpg 150w, https:\/\/www.musikverein-ahaus.de\/wp-content\/uploads\/2024\/06\/IMG-20240504-WA0005-768x768.jpg 768w, https:\/\/www.musikverein-ahaus.de\/wp-content\/uploads\/2024\/06\/IMG-20240504-WA0005-1536x1536.jpg 1536w, https:\/\/www.musikverein-ahaus.de\/wp-content\/uploads\/2024\/06\/IMG-20240504-WA0005-12x12.jpg 12w, https:\/\/www.musikverein-ahaus.de\/wp-content\/uploads\/2024\/06\/IMG-20240504-WA0005.jpg 2048w\" sizes=\"auto, (max-width: 1024px) 100vw, 1024px\" \/><\/a><\/figure>\n","protected":false},"excerpt":{"rendered":"<p>Unser Dirigent Markus Rupe wurde am 04.05.2024 bei einer letzten Probe -wie wir dann erfahren haben- in eine &#8222;Pause&#8220; verabschiedet. In eine &#8222;Pause&#8220;, weil er uns ab der zweiten Jahresh\u00e4lfte 2024 u.a. wieder auf unser Weihnachtskonzert vorbereiten wird. Dar\u00fcber haben sich nat\u00fcrlich alle MusikerInnen sehr gefreut.<\/p>\n","protected":false},"author":7,"featured_media":5968,"comment_status":"closed","ping_status":"closed","sticky":false,"template":"","format":"standard","meta":{"footnotes":""},"categories":[1,4],"tags":[],"class_list":["post-5967","post","type-post","status-publish","format-standard","has-post-thumbnail","hentry","category-allgemein","category-fotos","cat-1-id","cat-4-id","has_thumb"],"_links":{"self":[{"href":"https:\/\/www.musikverein-ahaus.de\/de_de\/wp-json\/wp\/v2\/posts\/5967","targetHints":{"allow":["GET"]}}],"collection":[{"href":"https:\/\/www.musikverein-ahaus.de\/de_de\/wp-json\/wp\/v2\/posts"}],"about":[{"href":"https:\/\/www.musikverein-ahaus.de\/de_de\/wp-json\/wp\/v2\/types\/post"}],"author":[{"embeddable":true,"href":"https:\/\/www.musikverein-ahaus.de\/de_de\/wp-json\/wp\/v2\/users\/7"}],"replies":[{"embeddable":true,"href":"https:\/\/www.musikverein-ahaus.de\/de_de\/wp-json\/wp\/v2\/comments?post=5967"}],"version-history":[{"count":3,"href":"https:\/\/www.musikverein-ahaus.de\/de_de\/wp-json\/wp\/v2\/posts\/5967\/revisions"}],"predecessor-version":[{"id":5971,"href":"https:\/\/www.musikverein-ahaus.de\/de_de\/wp-json\/wp\/v2\/posts\/5967\/revisions\/5971"}],"wp:featuredmedia":[{"embeddable":true,"href":"https:\/\/www.musikverein-ahaus.de\/de_de\/wp-json\/wp\/v2\/media\/5968"}],"wp:attachment":[{"href":"https:\/\/www.musikverein-ahaus.de\/de_de\/wp-json\/wp\/v2\/media?parent=5967"}],"wp:term":[{"taxonomy":"category","embeddable":true,"href":"https:\/\/www.musikverein-ahaus.de\/de_de\/wp-json\/wp\/v2\/categories?post=5967"},{"taxonomy":"post_tag","embeddable":true,"href":"https:\/\/www.musikverein-ahaus.de\/de_de\/wp-json\/wp\/v2\/tags?post=5967"}],"curies":[{"name":"wp","href":"https:\/\/api.w.org\/{rel}","templated":true}]}}