{"id":5982,"date":"2024-06-03T16:23:00","date_gmt":"2024-06-03T14:23:00","guid":{"rendered":"https:\/\/www.musikverein-ahaus.de\/?p=5982"},"modified":"2025-02-16T16:24:54","modified_gmt":"2025-02-16T15:24:54","slug":"feldmark-05-ahaus-4-tage-schuetzenfest-enden-mit-viel-spass-und-musik","status":"publish","type":"post","link":"https:\/\/www.musikverein-ahaus.de\/de_de\/feldmark-05-ahaus-4-tage-schuetzenfest-enden-mit-viel-spass-und-musik\/","title":{"rendered":"Feldmark 05 Ahaus: 4 Tage Sch\u00fctzenfest enden mit viel Spa\u00df und Musik"},"content":{"rendered":"\n<p>4 Tage Sch\u00fctzenfest bei @feldmark05_ahaus sind nun leider wieder vorbei, wie immer hatten wir wieder eine Menge Spa\u00df beim gemeinsamem feiern und musizieren.  Wir freuen uns schon aufs n\u00e4chste mal!<\/p>\n\n\n\n<figure class=\"wp-block-gallery has-nested-images columns-default is-cropped wp-block-gallery-1 is-layout-flex wp-block-gallery-is-layout-flex\">\n<figure class=\"wp-block-image size-large\"><a href=\"https:\/\/www.musikverein-ahaus.de\/wp-content\/uploads\/2025\/02\/d12113aa-57eb-4d70-bd25-0159ffc6f565-1.jpg\"><img loading=\"lazy\" decoding=\"async\" width=\"1024\" height=\"772\" data-id=\"6005\" src=\"https:\/\/www.musikverein-ahaus.de\/wp-content\/uploads\/2025\/02\/d12113aa-57eb-4d70-bd25-0159ffc6f565-1-1024x772.jpg\" alt=\"\" class=\"wp-image-6005\" srcset=\"https:\/\/www.musikverein-ahaus.de\/wp-content\/uploads\/2025\/02\/d12113aa-57eb-4d70-bd25-0159ffc6f565-1-1024x772.jpg 1024w, https:\/\/www.musikverein-ahaus.de\/wp-content\/uploads\/2025\/02\/d12113aa-57eb-4d70-bd25-0159ffc6f565-1-300x226.jpg 300w, https:\/\/www.musikverein-ahaus.de\/wp-content\/uploads\/2025\/02\/d12113aa-57eb-4d70-bd25-0159ffc6f565-1-768x579.jpg 768w, https:\/\/www.musikverein-ahaus.de\/wp-content\/uploads\/2025\/02\/d12113aa-57eb-4d70-bd25-0159ffc6f565-1-16x12.jpg 16w, https:\/\/www.musikverein-ahaus.de\/wp-content\/uploads\/2025\/02\/d12113aa-57eb-4d70-bd25-0159ffc6f565-1.jpg 1206w\" sizes=\"auto, (max-width: 1024px) 100vw, 1024px\" \/><\/a><\/figure>\n\n\n\n<figure class=\"wp-block-image size-large\"><a href=\"https:\/\/www.musikverein-ahaus.de\/wp-content\/uploads\/2025\/02\/01bfa866-0119-4901-a57e-a0f0871ee9c5-1.jpg\"><img loading=\"lazy\" decoding=\"async\" width=\"1024\" height=\"772\" data-id=\"6007\" src=\"https:\/\/www.musikverein-ahaus.de\/wp-content\/uploads\/2025\/02\/01bfa866-0119-4901-a57e-a0f0871ee9c5-1-1024x772.jpg\" alt=\"\" class=\"wp-image-6007\" srcset=\"https:\/\/www.musikverein-ahaus.de\/wp-content\/uploads\/2025\/02\/01bfa866-0119-4901-a57e-a0f0871ee9c5-1-1024x772.jpg 1024w, https:\/\/www.musikverein-ahaus.de\/wp-content\/uploads\/2025\/02\/01bfa866-0119-4901-a57e-a0f0871ee9c5-1-300x226.jpg 300w, https:\/\/www.musikverein-ahaus.de\/wp-content\/uploads\/2025\/02\/01bfa866-0119-4901-a57e-a0f0871ee9c5-1-768x579.jpg 768w, https:\/\/www.musikverein-ahaus.de\/wp-content\/uploads\/2025\/02\/01bfa866-0119-4901-a57e-a0f0871ee9c5-1-16x12.jpg 16w, https:\/\/www.musikverein-ahaus.de\/wp-content\/uploads\/2025\/02\/01bfa866-0119-4901-a57e-a0f0871ee9c5-1.jpg 1206w\" sizes=\"auto, (max-width: 1024px) 100vw, 1024px\" \/><\/a><\/figure>\n\n\n\n<figure class=\"wp-block-image size-large\"><a href=\"https:\/\/www.musikverein-ahaus.de\/wp-content\/uploads\/2025\/02\/7e503661-c66f-4584-95f8-7fea2f38ed13-1.jpg\"><img loading=\"lazy\" decoding=\"async\" width=\"1024\" height=\"768\" data-id=\"6006\" src=\"https:\/\/www.musikverein-ahaus.de\/wp-content\/uploads\/2025\/02\/7e503661-c66f-4584-95f8-7fea2f38ed13-1-1024x768.jpg\" alt=\"\" class=\"wp-image-6006\" srcset=\"https:\/\/www.musikverein-ahaus.de\/wp-content\/uploads\/2025\/02\/7e503661-c66f-4584-95f8-7fea2f38ed13-1-1024x768.jpg 1024w, https:\/\/www.musikverein-ahaus.de\/wp-content\/uploads\/2025\/02\/7e503661-c66f-4584-95f8-7fea2f38ed13-1-300x225.jpg 300w, https:\/\/www.musikverein-ahaus.de\/wp-content\/uploads\/2025\/02\/7e503661-c66f-4584-95f8-7fea2f38ed13-1-768x576.jpg 768w, https:\/\/www.musikverein-ahaus.de\/wp-content\/uploads\/2025\/02\/7e503661-c66f-4584-95f8-7fea2f38ed13-1-16x12.jpg 16w, https:\/\/www.musikverein-ahaus.de\/wp-content\/uploads\/2025\/02\/7e503661-c66f-4584-95f8-7fea2f38ed13-1.jpg 1201w\" sizes=\"auto, (max-width: 1024px) 100vw, 1024px\" \/><\/a><\/figure>\n\n\n\n<figure class=\"wp-block-image size-large\"><a href=\"https:\/\/www.musikverein-ahaus.de\/wp-content\/uploads\/2025\/02\/4fb0edd0-16bb-4449-a08e-901a18f45264-1.jpg\"><img loading=\"lazy\" decoding=\"async\" width=\"1024\" height=\"768\" data-id=\"6008\" src=\"https:\/\/www.musikverein-ahaus.de\/wp-content\/uploads\/2025\/02\/4fb0edd0-16bb-4449-a08e-901a18f45264-1-1024x768.jpg\" alt=\"\" class=\"wp-image-6008\" srcset=\"https:\/\/www.musikverein-ahaus.de\/wp-content\/uploads\/2025\/02\/4fb0edd0-16bb-4449-a08e-901a18f45264-1-1024x768.jpg 1024w, https:\/\/www.musikverein-ahaus.de\/wp-content\/uploads\/2025\/02\/4fb0edd0-16bb-4449-a08e-901a18f45264-1-300x225.jpg 300w, https:\/\/www.musikverein-ahaus.de\/wp-content\/uploads\/2025\/02\/4fb0edd0-16bb-4449-a08e-901a18f45264-1-768x576.jpg 768w, https:\/\/www.musikverein-ahaus.de\/wp-content\/uploads\/2025\/02\/4fb0edd0-16bb-4449-a08e-901a18f45264-1-16x12.jpg 16w, https:\/\/www.musikverein-ahaus.de\/wp-content\/uploads\/2025\/02\/4fb0edd0-16bb-4449-a08e-901a18f45264-1.jpg 1440w\" sizes=\"auto, (max-width: 1024px) 100vw, 1024px\" \/><\/a><\/figure>\n\n\n\n<figure class=\"wp-block-image size-large\"><a href=\"https:\/\/www.musikverein-ahaus.de\/wp-content\/uploads\/2025\/02\/3c5b5cce-53be-4c7b-aede-f11cfa81871f-1.jpg\"><img loading=\"lazy\" decoding=\"async\" width=\"1024\" height=\"768\" data-id=\"6009\" src=\"https:\/\/www.musikverein-ahaus.de\/wp-content\/uploads\/2025\/02\/3c5b5cce-53be-4c7b-aede-f11cfa81871f-1-1024x768.jpg\" alt=\"\" class=\"wp-image-6009\" srcset=\"https:\/\/www.musikverein-ahaus.de\/wp-content\/uploads\/2025\/02\/3c5b5cce-53be-4c7b-aede-f11cfa81871f-1-1024x768.jpg 1024w, https:\/\/www.musikverein-ahaus.de\/wp-content\/uploads\/2025\/02\/3c5b5cce-53be-4c7b-aede-f11cfa81871f-1-300x225.jpg 300w, https:\/\/www.musikverein-ahaus.de\/wp-content\/uploads\/2025\/02\/3c5b5cce-53be-4c7b-aede-f11cfa81871f-1-768x576.jpg 768w, https:\/\/www.musikverein-ahaus.de\/wp-content\/uploads\/2025\/02\/3c5b5cce-53be-4c7b-aede-f11cfa81871f-1-16x12.jpg 16w, https:\/\/www.musikverein-ahaus.de\/wp-content\/uploads\/2025\/02\/3c5b5cce-53be-4c7b-aede-f11cfa81871f-1.jpg 1440w\" sizes=\"auto, (max-width: 1024px) 100vw, 1024px\" \/><\/a><\/figure>\n\n\n\n<figure class=\"wp-block-image size-large\"><a href=\"https:\/\/www.musikverein-ahaus.de\/wp-content\/uploads\/2025\/02\/7ab8c84f-2b34-4a64-a870-2a1bb48c2ae7-1.jpg\"><img loading=\"lazy\" decoding=\"async\" width=\"1024\" height=\"768\" data-id=\"6010\" src=\"https:\/\/www.musikverein-ahaus.de\/wp-content\/uploads\/2025\/02\/7ab8c84f-2b34-4a64-a870-2a1bb48c2ae7-1-1024x768.jpg\" alt=\"\" class=\"wp-image-6010\" srcset=\"https:\/\/www.musikverein-ahaus.de\/wp-content\/uploads\/2025\/02\/7ab8c84f-2b34-4a64-a870-2a1bb48c2ae7-1-1024x768.jpg 1024w, https:\/\/www.musikverein-ahaus.de\/wp-content\/uploads\/2025\/02\/7ab8c84f-2b34-4a64-a870-2a1bb48c2ae7-1-300x225.jpg 300w, https:\/\/www.musikverein-ahaus.de\/wp-content\/uploads\/2025\/02\/7ab8c84f-2b34-4a64-a870-2a1bb48c2ae7-1-768x576.jpg 768w, https:\/\/www.musikverein-ahaus.de\/wp-content\/uploads\/2025\/02\/7ab8c84f-2b34-4a64-a870-2a1bb48c2ae7-1-16x12.jpg 16w, https:\/\/www.musikverein-ahaus.de\/wp-content\/uploads\/2025\/02\/7ab8c84f-2b34-4a64-a870-2a1bb48c2ae7-1.jpg 1440w\" sizes=\"auto, (max-width: 1024px) 100vw, 1024px\" \/><\/a><\/figure>\n<\/figure>\n","protected":false},"excerpt":{"rendered":"<p>4 Tage Sch\u00fctzenfest bei @feldmark05_ahaus sind nun leider wieder vorbei, wie immer hatten wir wieder eine Menge Spa\u00df beim gemeinsamem feiern und musizieren. Wir freuen uns schon aufs n\u00e4chste mal!<\/p>\n","protected":false},"author":7,"featured_media":6004,"comment_status":"closed","ping_status":"closed","sticky":false,"template":"","format":"standard","meta":{"footnotes":""},"categories":[1,4],"tags":[],"class_list":["post-5982","post","type-post","status-publish","format-standard","has-post-thumbnail","hentry","category-allgemein","category-fotos","cat-1-id","cat-4-id","has_thumb"],"_links":{"self":[{"href":"https:\/\/www.musikverein-ahaus.de\/de_de\/wp-json\/wp\/v2\/posts\/5982","targetHints":{"allow":["GET"]}}],"collection":[{"href":"https:\/\/www.musikverein-ahaus.de\/de_de\/wp-json\/wp\/v2\/posts"}],"about":[{"href":"https:\/\/www.musikverein-ahaus.de\/de_de\/wp-json\/wp\/v2\/types\/post"}],"author":[{"embeddable":true,"href":"https:\/\/www.musikverein-ahaus.de\/de_de\/wp-json\/wp\/v2\/users\/7"}],"replies":[{"embeddable":true,"href":"https:\/\/www.musikverein-ahaus.de\/de_de\/wp-json\/wp\/v2\/comments?post=5982"}],"version-history":[{"count":1,"href":"https:\/\/www.musikverein-ahaus.de\/de_de\/wp-json\/wp\/v2\/posts\/5982\/revisions"}],"predecessor-version":[{"id":6011,"href":"https:\/\/www.musikverein-ahaus.de\/de_de\/wp-json\/wp\/v2\/posts\/5982\/revisions\/6011"}],"wp:featuredmedia":[{"embeddable":true,"href":"https:\/\/www.musikverein-ahaus.de\/de_de\/wp-json\/wp\/v2\/media\/6004"}],"wp:attachment":[{"href":"https:\/\/www.musikverein-ahaus.de\/de_de\/wp-json\/wp\/v2\/media?parent=5982"}],"wp:term":[{"taxonomy":"category","embeddable":true,"href":"https:\/\/www.musikverein-ahaus.de\/de_de\/wp-json\/wp\/v2\/categories?post=5982"},{"taxonomy":"post_tag","embeddable":true,"href":"https:\/\/www.musikverein-ahaus.de\/de_de\/wp-json\/wp\/v2\/tags?post=5982"}],"curies":[{"name":"wp","href":"https:\/\/api.w.org\/{rel}","templated":true}]}}