{"id":6012,"date":"2024-07-09T16:25:00","date_gmt":"2024-07-09T14:25:00","guid":{"rendered":"https:\/\/www.musikverein-ahaus.de\/?p=6012"},"modified":"2025-02-16T16:26:56","modified_gmt":"2025-02-16T15:26:56","slug":"trauer-um-oemmes-musikverein-und-schuetzenverein-gedenken-ihrem-engagierten-freund","status":"publish","type":"post","link":"https:\/\/www.musikverein-ahaus.de\/de_de\/trauer-um-oemmes-musikverein-und-schuetzenverein-gedenken-ihrem-engagierten-freund\/","title":{"rendered":"Trauer um \u00d6mmes: Musikverein und Sch\u00fctzenverein gedenken ihrem engagierten Freund"},"content":{"rendered":"\n<p>Auch wir sind zutiefst ersch\u00fcttert von dem viel zu fr\u00fchen Ableben unseres Freundes \u00d6mmes. \u00d6mmes war ein sehr guter Freund des Musikvereins, jeder im Verein kannte ihn und er kannte nat\u00fcrlich auch jeden von uns. Als langj\u00e4hriger Vorsitzender des Sch\u00fctzenvereins Feldmark S\u00fcd hatten wir als Verein jemanden der f\u00fcr den Sch\u00fctzenverein gebrannt hat und unseren Musikverein von Beginn an unterst\u00fctzt hat. Mit \u00d6mmes gemeinsam durften wir viele Feste feiern, er hatte immer ein offenes Ohr f\u00fcr all unsere Belange, er war einfach ein hilfsbereiter, offener, freudiger Mensch der f\u00fcr jeden da war. <\/p>\n\n\n\n<p>Vielen Dank f\u00fcr alles lieber \u00d6mmes, ein letztes Horrido f\u00fcr dich!<\/p>\n\n\n\n<figure class=\"wp-block-image size-full\"><a href=\"https:\/\/www.musikverein-ahaus.de\/wp-content\/uploads\/2025\/02\/5f7aa019-a42b-45e5-abe0-0628e1344dcb.jpg\"><img loading=\"lazy\" decoding=\"async\" width=\"720\" height=\"859\" src=\"https:\/\/www.musikverein-ahaus.de\/wp-content\/uploads\/2025\/02\/5f7aa019-a42b-45e5-abe0-0628e1344dcb.jpg\" alt=\"\" class=\"wp-image-6013\" srcset=\"https:\/\/www.musikverein-ahaus.de\/wp-content\/uploads\/2025\/02\/5f7aa019-a42b-45e5-abe0-0628e1344dcb.jpg 720w, https:\/\/www.musikverein-ahaus.de\/wp-content\/uploads\/2025\/02\/5f7aa019-a42b-45e5-abe0-0628e1344dcb-251x300.jpg 251w, https:\/\/www.musikverein-ahaus.de\/wp-content\/uploads\/2025\/02\/5f7aa019-a42b-45e5-abe0-0628e1344dcb-10x12.jpg 10w\" sizes=\"auto, (max-width: 720px) 100vw, 720px\" \/><\/a><\/figure>\n","protected":false},"excerpt":{"rendered":"<p>Auch wir sind zutiefst ersch\u00fcttert von dem viel zu fr\u00fchen Ableben unseres Freundes \u00d6mmes. \u00d6mmes war ein sehr guter Freund des Musikvereins, jeder im Verein kannte ihn und er kannte nat\u00fcrlich auch jeden von uns. Als langj\u00e4hriger Vorsitzender des Sch\u00fctzenvereins Feldmark S\u00fcd hatten wir als Verein jemanden der f\u00fcr den Sch\u00fctzenverein gebrannt hat und unseren<a href=\"https:\/\/www.musikverein-ahaus.de\/de_de\/trauer-um-oemmes-musikverein-und-schuetzenverein-gedenken-ihrem-engagierten-freund\/\" class=\"read-more\">&nbsp; Continue Reading &raquo;<\/a><\/p>\n","protected":false},"author":7,"featured_media":0,"comment_status":"closed","ping_status":"closed","sticky":false,"template":"","format":"standard","meta":{"footnotes":""},"categories":[1],"tags":[],"class_list":["post-6012","post","type-post","status-publish","format-standard","hentry","category-allgemein","cat-1-id"],"_links":{"self":[{"href":"https:\/\/www.musikverein-ahaus.de\/de_de\/wp-json\/wp\/v2\/posts\/6012","targetHints":{"allow":["GET"]}}],"collection":[{"href":"https:\/\/www.musikverein-ahaus.de\/de_de\/wp-json\/wp\/v2\/posts"}],"about":[{"href":"https:\/\/www.musikverein-ahaus.de\/de_de\/wp-json\/wp\/v2\/types\/post"}],"author":[{"embeddable":true,"href":"https:\/\/www.musikverein-ahaus.de\/de_de\/wp-json\/wp\/v2\/users\/7"}],"replies":[{"embeddable":true,"href":"https:\/\/www.musikverein-ahaus.de\/de_de\/wp-json\/wp\/v2\/comments?post=6012"}],"version-history":[{"count":1,"href":"https:\/\/www.musikverein-ahaus.de\/de_de\/wp-json\/wp\/v2\/posts\/6012\/revisions"}],"predecessor-version":[{"id":6014,"href":"https:\/\/www.musikverein-ahaus.de\/de_de\/wp-json\/wp\/v2\/posts\/6012\/revisions\/6014"}],"wp:attachment":[{"href":"https:\/\/www.musikverein-ahaus.de\/de_de\/wp-json\/wp\/v2\/media?parent=6012"}],"wp:term":[{"taxonomy":"category","embeddable":true,"href":"https:\/\/www.musikverein-ahaus.de\/de_de\/wp-json\/wp\/v2\/categories?post=6012"},{"taxonomy":"post_tag","embeddable":true,"href":"https:\/\/www.musikverein-ahaus.de\/de_de\/wp-json\/wp\/v2\/tags?post=6012"}],"curies":[{"name":"wp","href":"https:\/\/api.w.org\/{rel}","templated":true}]}}