{"id":6023,"date":"2024-11-09T16:30:00","date_gmt":"2024-11-09T15:30:00","guid":{"rendered":"https:\/\/www.musikverein-ahaus.de\/?p=6023"},"modified":"2025-02-16T16:31:36","modified_gmt":"2025-02-16T15:31:36","slug":"laterne-laterne-sonne-mond-und-sterne","status":"publish","type":"post","link":"https:\/\/www.musikverein-ahaus.de\/de_de\/laterne-laterne-sonne-mond-und-sterne\/","title":{"rendered":"Laterne, Laterne, Sonne Mond und Sterne"},"content":{"rendered":"\n<p>November ist Laternenumz\u00fcgezeit, die ersten Umz\u00fcge sind erledigt, weitere Folgen noch.<\/p>\n\n\n\n<p>Unser Nachwuchs unterst\u00fctzt uns tatkr\u00e4ftig!<\/p>\n\n\n\n<figure class=\"wp-block-gallery has-nested-images columns-default is-cropped wp-block-gallery-1 is-layout-flex wp-block-gallery-is-layout-flex\">\n<figure class=\"wp-block-image size-large\"><a href=\"https:\/\/www.musikverein-ahaus.de\/wp-content\/uploads\/2025\/02\/21260868-b8ab-46fa-b106-59e80f9bab5c-1.jpg\"><img loading=\"lazy\" decoding=\"async\" width=\"870\" height=\"720\" data-id=\"6024\" src=\"https:\/\/www.musikverein-ahaus.de\/wp-content\/uploads\/2025\/02\/21260868-b8ab-46fa-b106-59e80f9bab5c-1.jpg\" alt=\"\" class=\"wp-image-6024\" srcset=\"https:\/\/www.musikverein-ahaus.de\/wp-content\/uploads\/2025\/02\/21260868-b8ab-46fa-b106-59e80f9bab5c-1.jpg 870w, https:\/\/www.musikverein-ahaus.de\/wp-content\/uploads\/2025\/02\/21260868-b8ab-46fa-b106-59e80f9bab5c-1-300x248.jpg 300w, https:\/\/www.musikverein-ahaus.de\/wp-content\/uploads\/2025\/02\/21260868-b8ab-46fa-b106-59e80f9bab5c-1-768x636.jpg 768w, https:\/\/www.musikverein-ahaus.de\/wp-content\/uploads\/2025\/02\/21260868-b8ab-46fa-b106-59e80f9bab5c-1-15x12.jpg 15w\" sizes=\"auto, (max-width: 870px) 100vw, 870px\" \/><\/a><\/figure>\n\n\n\n<figure class=\"wp-block-image size-large\"><a href=\"https:\/\/www.musikverein-ahaus.de\/wp-content\/uploads\/2025\/02\/dccedc01-0b24-4223-a754-412a118cce3a-1.jpg\"><img loading=\"lazy\" decoding=\"async\" width=\"870\" height=\"720\" data-id=\"6025\" src=\"https:\/\/www.musikverein-ahaus.de\/wp-content\/uploads\/2025\/02\/dccedc01-0b24-4223-a754-412a118cce3a-1.jpg\" alt=\"\" class=\"wp-image-6025\" srcset=\"https:\/\/www.musikverein-ahaus.de\/wp-content\/uploads\/2025\/02\/dccedc01-0b24-4223-a754-412a118cce3a-1.jpg 870w, https:\/\/www.musikverein-ahaus.de\/wp-content\/uploads\/2025\/02\/dccedc01-0b24-4223-a754-412a118cce3a-1-300x248.jpg 300w, https:\/\/www.musikverein-ahaus.de\/wp-content\/uploads\/2025\/02\/dccedc01-0b24-4223-a754-412a118cce3a-1-768x636.jpg 768w, https:\/\/www.musikverein-ahaus.de\/wp-content\/uploads\/2025\/02\/dccedc01-0b24-4223-a754-412a118cce3a-1-15x12.jpg 15w\" sizes=\"auto, (max-width: 870px) 100vw, 870px\" \/><\/a><\/figure>\n\n\n\n<figure class=\"wp-block-image size-large\"><a href=\"https:\/\/www.musikverein-ahaus.de\/wp-content\/uploads\/2025\/02\/246d2417-772c-42fa-aeae-bcc332dfdc7f-1.jpg\"><img loading=\"lazy\" decoding=\"async\" width=\"867\" height=\"720\" data-id=\"6027\" src=\"https:\/\/www.musikverein-ahaus.de\/wp-content\/uploads\/2025\/02\/246d2417-772c-42fa-aeae-bcc332dfdc7f-1.jpg\" alt=\"\" class=\"wp-image-6027\" srcset=\"https:\/\/www.musikverein-ahaus.de\/wp-content\/uploads\/2025\/02\/246d2417-772c-42fa-aeae-bcc332dfdc7f-1.jpg 867w, https:\/\/www.musikverein-ahaus.de\/wp-content\/uploads\/2025\/02\/246d2417-772c-42fa-aeae-bcc332dfdc7f-1-300x249.jpg 300w, https:\/\/www.musikverein-ahaus.de\/wp-content\/uploads\/2025\/02\/246d2417-772c-42fa-aeae-bcc332dfdc7f-1-768x638.jpg 768w, https:\/\/www.musikverein-ahaus.de\/wp-content\/uploads\/2025\/02\/246d2417-772c-42fa-aeae-bcc332dfdc7f-1-14x12.jpg 14w\" sizes=\"auto, (max-width: 867px) 100vw, 867px\" \/><\/a><\/figure>\n\n\n\n<figure class=\"wp-block-image size-large\"><a href=\"https:\/\/www.musikverein-ahaus.de\/wp-content\/uploads\/2025\/02\/408378ad-c374-4ea8-95fc-26f555986d92-1.jpg\"><img loading=\"lazy\" decoding=\"async\" width=\"867\" height=\"720\" data-id=\"6026\" src=\"https:\/\/www.musikverein-ahaus.de\/wp-content\/uploads\/2025\/02\/408378ad-c374-4ea8-95fc-26f555986d92-1.jpg\" alt=\"\" class=\"wp-image-6026\" srcset=\"https:\/\/www.musikverein-ahaus.de\/wp-content\/uploads\/2025\/02\/408378ad-c374-4ea8-95fc-26f555986d92-1.jpg 867w, https:\/\/www.musikverein-ahaus.de\/wp-content\/uploads\/2025\/02\/408378ad-c374-4ea8-95fc-26f555986d92-1-300x249.jpg 300w, https:\/\/www.musikverein-ahaus.de\/wp-content\/uploads\/2025\/02\/408378ad-c374-4ea8-95fc-26f555986d92-1-768x638.jpg 768w, https:\/\/www.musikverein-ahaus.de\/wp-content\/uploads\/2025\/02\/408378ad-c374-4ea8-95fc-26f555986d92-1-14x12.jpg 14w\" sizes=\"auto, (max-width: 867px) 100vw, 867px\" \/><\/a><\/figure>\n\n\n\n<figure class=\"wp-block-image size-large\"><a href=\"https:\/\/www.musikverein-ahaus.de\/wp-content\/uploads\/2025\/02\/c3806d63-6b71-4d8a-995c-046a7f32c67b-1.jpg\"><img loading=\"lazy\" decoding=\"async\" width=\"871\" height=\"720\" data-id=\"6028\" src=\"https:\/\/www.musikverein-ahaus.de\/wp-content\/uploads\/2025\/02\/c3806d63-6b71-4d8a-995c-046a7f32c67b-1.jpg\" alt=\"\" class=\"wp-image-6028\" srcset=\"https:\/\/www.musikverein-ahaus.de\/wp-content\/uploads\/2025\/02\/c3806d63-6b71-4d8a-995c-046a7f32c67b-1.jpg 871w, https:\/\/www.musikverein-ahaus.de\/wp-content\/uploads\/2025\/02\/c3806d63-6b71-4d8a-995c-046a7f32c67b-1-300x248.jpg 300w, https:\/\/www.musikverein-ahaus.de\/wp-content\/uploads\/2025\/02\/c3806d63-6b71-4d8a-995c-046a7f32c67b-1-768x635.jpg 768w, https:\/\/www.musikverein-ahaus.de\/wp-content\/uploads\/2025\/02\/c3806d63-6b71-4d8a-995c-046a7f32c67b-1-15x12.jpg 15w\" sizes=\"auto, (max-width: 871px) 100vw, 871px\" \/><\/a><\/figure>\n<\/figure>\n","protected":false},"excerpt":{"rendered":"<p>November ist Laternenumz\u00fcgezeit, die ersten Umz\u00fcge sind erledigt, weitere Folgen noch. Unser Nachwuchs unterst\u00fctzt uns tatkr\u00e4ftig!<\/p>\n","protected":false},"author":7,"featured_media":6028,"comment_status":"closed","ping_status":"closed","sticky":false,"template":"","format":"standard","meta":{"footnotes":""},"categories":[1],"tags":[],"class_list":["post-6023","post","type-post","status-publish","format-standard","has-post-thumbnail","hentry","category-allgemein","cat-1-id","has_thumb"],"_links":{"self":[{"href":"https:\/\/www.musikverein-ahaus.de\/de_de\/wp-json\/wp\/v2\/posts\/6023","targetHints":{"allow":["GET"]}}],"collection":[{"href":"https:\/\/www.musikverein-ahaus.de\/de_de\/wp-json\/wp\/v2\/posts"}],"about":[{"href":"https:\/\/www.musikverein-ahaus.de\/de_de\/wp-json\/wp\/v2\/types\/post"}],"author":[{"embeddable":true,"href":"https:\/\/www.musikverein-ahaus.de\/de_de\/wp-json\/wp\/v2\/users\/7"}],"replies":[{"embeddable":true,"href":"https:\/\/www.musikverein-ahaus.de\/de_de\/wp-json\/wp\/v2\/comments?post=6023"}],"version-history":[{"count":1,"href":"https:\/\/www.musikverein-ahaus.de\/de_de\/wp-json\/wp\/v2\/posts\/6023\/revisions"}],"predecessor-version":[{"id":6029,"href":"https:\/\/www.musikverein-ahaus.de\/de_de\/wp-json\/wp\/v2\/posts\/6023\/revisions\/6029"}],"wp:featuredmedia":[{"embeddable":true,"href":"https:\/\/www.musikverein-ahaus.de\/de_de\/wp-json\/wp\/v2\/media\/6028"}],"wp:attachment":[{"href":"https:\/\/www.musikverein-ahaus.de\/de_de\/wp-json\/wp\/v2\/media?parent=6023"}],"wp:term":[{"taxonomy":"category","embeddable":true,"href":"https:\/\/www.musikverein-ahaus.de\/de_de\/wp-json\/wp\/v2\/categories?post=6023"},{"taxonomy":"post_tag","embeddable":true,"href":"https:\/\/www.musikverein-ahaus.de\/de_de\/wp-json\/wp\/v2\/tags?post=6023"}],"curies":[{"name":"wp","href":"https:\/\/api.w.org\/{rel}","templated":true}]}}