{"id":6047,"date":"2025-02-04T15:44:26","date_gmt":"2025-02-04T14:44:26","guid":{"rendered":"https:\/\/www.musikverein-ahaus.de\/?p=6047"},"modified":"2025-02-22T15:51:44","modified_gmt":"2025-02-22T14:51:44","slug":"brass-festival-der-extraklasse","status":"publish","type":"post","link":"https:\/\/www.musikverein-ahaus.de\/de_de\/brass-festival-der-extraklasse\/","title":{"rendered":"Brass Festival der Extraklasse!"},"content":{"rendered":"\n<p id=\"isPasted\">Ein musikalisches Spektakel erwartet euch \u2013 Seid gespannt!<\/p>\n\n\n\n<p>Bereitet euch auf ein au\u00dfergew\u00f6hnliches Musikerlebnis vor, wenn unser Musikverein sein 50-j\u00e4hriges Jubil\u00e4um mit einem spektakul\u00e4ren Brass Festival feiert! An diesem besonderen Tag versammeln sich au\u00dfergew\u00f6hnliche Bands aus den Genres Egerl\u00e4nder, Brass-Band und Partyband zu einem unvergesslichen Brass-Festival der Extraklasse. Genie\u00dft einen Tag voller musikalischer Superlative und zugleich den unvergesslichen Ausblick auf das Ahauser Schloss.<\/p>\n\n\n\n<p>Doch wer genau die B\u00fchne zum Beben bringen wird, bleibt vorerst unser kleines Geheimnis. In den n\u00e4chsten Wochen werden wir nach und nach die teilnehmenden Bands auf unserer chayns-Seite enth\u00fcllen. Es lohnt sich also, regelm\u00e4\u00dfig vorbeizuschauen und sich \u00fcberraschen zu lassen!<\/p>\n\n\n\n<p>Freut euch auf mitrei\u00dfende Melodien, pulsierende Rhythmen und eine ausgelassene Atmosph\u00e4re \u2013 ein Fest f\u00fcr Musikliebhaber und Freunde des Musikvereins in jedem Alter, das ihr auf keinen Fall verpassen solltet. Tragt den Termin in eure Kalender ein und seid bereit f\u00fcr einen Tag voller \u00dcberraschungen und musikalischer Highlights.<\/p>\n\n\n\n<p>Bleibt dran f\u00fcr weitere Enth\u00fcllungen und exklusive Einblicke in das Eventprogramm. Wir k\u00f6nnen es kaum erwarten, dieses unser Jubil\u00e4um mit euch zu feiern!<\/p>\n\n\n\n<p><strong>Wann?<\/strong> Sa., 30. August, 16:00 Uhr \u2013 00:30 Uhr<\/p>\n\n\n\n<p><strong>Wo?<\/strong> Pietsch in Concert &#8211; Tag 2 (Musikverein Ahaus)<\/p>\n","protected":false},"excerpt":{"rendered":"<p>Ein musikalisches Spektakel erwartet euch \u2013 Seid gespannt! Bereitet euch auf ein au\u00dfergew\u00f6hnliches Musikerlebnis vor, wenn unser Musikverein sein 50-j\u00e4hriges Jubil\u00e4um mit einem spektakul\u00e4ren Brass Festival feiert! An diesem besonderen Tag versammeln sich au\u00dfergew\u00f6hnliche Bands aus den Genres Egerl\u00e4nder, Brass-Band und Partyband zu einem unvergesslichen Brass-Festival der Extraklasse. Genie\u00dft einen Tag voller musikalischer Superlative und<a href=\"https:\/\/www.musikverein-ahaus.de\/de_de\/brass-festival-der-extraklasse\/\" class=\"read-more\">&nbsp; Continue Reading &raquo;<\/a><\/p>\n","protected":false},"author":7,"featured_media":6048,"comment_status":"closed","ping_status":"closed","sticky":false,"template":"","format":"standard","meta":{"footnotes":""},"categories":[1],"tags":[],"class_list":["post-6047","post","type-post","status-publish","format-standard","has-post-thumbnail","hentry","category-allgemein","cat-1-id","has_thumb"],"_links":{"self":[{"href":"https:\/\/www.musikverein-ahaus.de\/de_de\/wp-json\/wp\/v2\/posts\/6047","targetHints":{"allow":["GET"]}}],"collection":[{"href":"https:\/\/www.musikverein-ahaus.de\/de_de\/wp-json\/wp\/v2\/posts"}],"about":[{"href":"https:\/\/www.musikverein-ahaus.de\/de_de\/wp-json\/wp\/v2\/types\/post"}],"author":[{"embeddable":true,"href":"https:\/\/www.musikverein-ahaus.de\/de_de\/wp-json\/wp\/v2\/users\/7"}],"replies":[{"embeddable":true,"href":"https:\/\/www.musikverein-ahaus.de\/de_de\/wp-json\/wp\/v2\/comments?post=6047"}],"version-history":[{"count":1,"href":"https:\/\/www.musikverein-ahaus.de\/de_de\/wp-json\/wp\/v2\/posts\/6047\/revisions"}],"predecessor-version":[{"id":6049,"href":"https:\/\/www.musikverein-ahaus.de\/de_de\/wp-json\/wp\/v2\/posts\/6047\/revisions\/6049"}],"wp:featuredmedia":[{"embeddable":true,"href":"https:\/\/www.musikverein-ahaus.de\/de_de\/wp-json\/wp\/v2\/media\/6048"}],"wp:attachment":[{"href":"https:\/\/www.musikverein-ahaus.de\/de_de\/wp-json\/wp\/v2\/media?parent=6047"}],"wp:term":[{"taxonomy":"category","embeddable":true,"href":"https:\/\/www.musikverein-ahaus.de\/de_de\/wp-json\/wp\/v2\/categories?post=6047"},{"taxonomy":"post_tag","embeddable":true,"href":"https:\/\/www.musikverein-ahaus.de\/de_de\/wp-json\/wp\/v2\/tags?post=6047"}],"curies":[{"name":"wp","href":"https:\/\/api.w.org\/{rel}","templated":true}]}}