{"id":6050,"date":"2025-02-13T15:57:00","date_gmt":"2025-02-13T14:57:00","guid":{"rendered":"https:\/\/www.musikverein-ahaus.de\/?p=6050"},"modified":"2025-02-22T15:59:40","modified_gmt":"2025-02-22T14:59:40","slug":"save-the-date-das-musikkorps-der-bundeswehr-kommt-ins-kulturquadrat","status":"publish","type":"post","link":"https:\/\/www.musikverein-ahaus.de\/de_de\/save-the-date-das-musikkorps-der-bundeswehr-kommt-ins-kulturquadrat\/","title":{"rendered":"Save the date! Das &#8222;Musikkorps der Bundeswehr&#8220; kommt ins Kulturquadrat!"},"content":{"rendered":"\n<p><\/p>\n\n\n\n<figure class=\"wp-block-image size-full\"><a href=\"https:\/\/www.musikverein-ahaus.de\/wp-content\/uploads\/2025\/02\/Bundeswehr.jpg\"><img loading=\"lazy\" decoding=\"async\" width=\"750\" height=\"421\" src=\"https:\/\/www.musikverein-ahaus.de\/wp-content\/uploads\/2025\/02\/Bundeswehr.jpg\" alt=\"\" class=\"wp-image-6051\" srcset=\"https:\/\/www.musikverein-ahaus.de\/wp-content\/uploads\/2025\/02\/Bundeswehr.jpg 750w, https:\/\/www.musikverein-ahaus.de\/wp-content\/uploads\/2025\/02\/Bundeswehr-300x168.jpg 300w, https:\/\/www.musikverein-ahaus.de\/wp-content\/uploads\/2025\/02\/Bundeswehr-18x10.jpg 18w\" sizes=\"auto, (max-width: 750px) 100vw, 750px\" \/><\/a><\/figure>\n\n\n\n<p>Das Musikkorps der Bundeswehr blickt nunmehr auf mehr als 60 Jahre erfolgreiche milit\u00e4rmusikalische T\u00e4tigkeit zur\u00fcck. Mit j\u00e4hrlich rund 50 Konzerten im In- und Ausland begeistert das Musikkorps mit seinem breit gef\u00e4cherten Repertoire. Oberstleutnant Christian Weiper kommt zur\u00fcck nach Ahaus und dirigiert zum letzten Mal im Ahauser Kulturquadrat. Tragen Sie sich den Termin jetzt fest ein und sichern sich zeitnah eine Karte! Weitere Infos zum Ticketverkauf und verbindlichen Uhrzeiten folgen in K\u00fcrze&#8230;<\/p>\n\n\n\n<p><strong>Wann?<\/strong> Di., 03. Juni, 19:00 Uhr \u2013 22:00 Uhr<\/p>\n\n\n\n<p><strong>Wo?<\/strong> Kulturquadrat Ahaus<\/p>\n","protected":false},"excerpt":{"rendered":"<p>Das Musikkorps der Bundeswehr blickt nunmehr auf mehr als 60 Jahre erfolgreiche milit\u00e4rmusikalische T\u00e4tigkeit zur\u00fcck. Mit j\u00e4hrlich rund 50 Konzerten im In- und Ausland begeistert das Musikkorps mit seinem breit gef\u00e4cherten Repertoire. Oberstleutnant Christian Weiper kommt zur\u00fcck nach Ahaus und dirigiert zum letzten Mal im Ahauser Kulturquadrat. Tragen Sie sich den Termin jetzt fest ein<a href=\"https:\/\/www.musikverein-ahaus.de\/de_de\/save-the-date-das-musikkorps-der-bundeswehr-kommt-ins-kulturquadrat\/\" class=\"read-more\">&nbsp; Continue Reading &raquo;<\/a><\/p>\n","protected":false},"author":7,"featured_media":6051,"comment_status":"closed","ping_status":"closed","sticky":false,"template":"","format":"standard","meta":{"footnotes":""},"categories":[1],"tags":[],"class_list":["post-6050","post","type-post","status-publish","format-standard","has-post-thumbnail","hentry","category-allgemein","cat-1-id","has_thumb"],"_links":{"self":[{"href":"https:\/\/www.musikverein-ahaus.de\/de_de\/wp-json\/wp\/v2\/posts\/6050","targetHints":{"allow":["GET"]}}],"collection":[{"href":"https:\/\/www.musikverein-ahaus.de\/de_de\/wp-json\/wp\/v2\/posts"}],"about":[{"href":"https:\/\/www.musikverein-ahaus.de\/de_de\/wp-json\/wp\/v2\/types\/post"}],"author":[{"embeddable":true,"href":"https:\/\/www.musikverein-ahaus.de\/de_de\/wp-json\/wp\/v2\/users\/7"}],"replies":[{"embeddable":true,"href":"https:\/\/www.musikverein-ahaus.de\/de_de\/wp-json\/wp\/v2\/comments?post=6050"}],"version-history":[{"count":1,"href":"https:\/\/www.musikverein-ahaus.de\/de_de\/wp-json\/wp\/v2\/posts\/6050\/revisions"}],"predecessor-version":[{"id":6052,"href":"https:\/\/www.musikverein-ahaus.de\/de_de\/wp-json\/wp\/v2\/posts\/6050\/revisions\/6052"}],"wp:featuredmedia":[{"embeddable":true,"href":"https:\/\/www.musikverein-ahaus.de\/de_de\/wp-json\/wp\/v2\/media\/6051"}],"wp:attachment":[{"href":"https:\/\/www.musikverein-ahaus.de\/de_de\/wp-json\/wp\/v2\/media?parent=6050"}],"wp:term":[{"taxonomy":"category","embeddable":true,"href":"https:\/\/www.musikverein-ahaus.de\/de_de\/wp-json\/wp\/v2\/categories?post=6050"},{"taxonomy":"post_tag","embeddable":true,"href":"https:\/\/www.musikverein-ahaus.de\/de_de\/wp-json\/wp\/v2\/tags?post=6050"}],"curies":[{"name":"wp","href":"https:\/\/api.w.org\/{rel}","templated":true}]}}