{"id":6053,"date":"2025-02-20T15:59:57","date_gmt":"2025-02-20T14:59:57","guid":{"rendered":"https:\/\/www.musikverein-ahaus.de\/?p=6053"},"modified":"2025-02-27T21:20:22","modified_gmt":"2025-02-27T20:20:22","slug":"vorverkauf-fuer-das-benefizkonzert-des-musikkorps-der-bundeswehr-in-ahaus-hat-begonnen","status":"publish","type":"post","link":"https:\/\/www.musikverein-ahaus.de\/de_de\/vorverkauf-fuer-das-benefizkonzert-des-musikkorps-der-bundeswehr-in-ahaus-hat-begonnen\/","title":{"rendered":"Vorverkauf f\u00fcr das Benefizkonzert des Musikkorps der Bundeswehr in Ahaus hat begonnen"},"content":{"rendered":"\n<p id=\"isPasted\">das Musikkorps der Bundeswehr wird unter der Leitung von Oberstleutnant Christian Weiper (ein Ahauser) am 3. Juni 2025 um 19:30 Uhr (Einlass: 18:30 Uhr) im Kulturquadrat (Stadthalle) ein vielf\u00e4ltiges Konzertprogramm unter dem Motto \u201ePictures and Movies \u2013 von Mussorgsky bis Morricone\u201c geben.<\/p>\n\n\n\n<figure class=\"wp-block-image size-large is-resized\"><a href=\"https:\/\/www.musikverein-ahaus.de\/wp-content\/uploads\/2025\/02\/IMG-20250220-WA0000-e1740687513284.jpg\"><img loading=\"lazy\" decoding=\"async\" width=\"583\" height=\"1024\" src=\"https:\/\/www.musikverein-ahaus.de\/wp-content\/uploads\/2025\/02\/IMG-20250220-WA0000-583x1024.jpg\" alt=\"\" class=\"wp-image-6054\" style=\"width:596px;height:auto\"\/><\/a><\/figure>\n\n\n\n<p>Die Veranstaltung wird auf Initiative des Musikverein Ahaus 1975 e.V. in Kooperation mit der Stadt Ahaus in Kooperation durchgef\u00fchrt. Tickets ab 19 \u20ac (auch erm\u00e4\u00dfigt) sind bei allen Mitgliedern des Musikvereins Ahaus 1975 e.V., \u00fcber <a href=\"https:\/\/www.reservix.de\/tickets-benefizkonzert-das-musikkorps-der-bundeswehr-in-kooperation-mit-dem-musikverein-ahaus-1975-e-v-in-ahaus-stadthalle-im-kulturquadrat-am-3-6-2025\/e2368906\" target=\"_blank\" rel=\"noreferrer noopener\">www.reservix.de<\/a>, bei Ahaus Marketing &amp; Touristik sowie an der Abendkasse erh\u00e4ltlich.<\/p>\n\n\n\n<p>Der Erl\u00f6s der Veranstaltung kommt jeweils zur H\u00e4lfte dem Musikverein Ahaus 1975 e.V. f\u00fcr die ehrenamtliche Musikf\u00f6rderung sowie sozialen und lokalen Projekten in Ahaus zugute.<\/p>\n\n\n\n<p>Im Musikkorps der Bundeswehr sind die besten Instrumentalisten der Bundeswehr vereint. Mit ihrer k\u00fcnstlerischen und milit\u00e4rischen Pr\u00e4zision unterstreichen Sie bei jedem Konzert das hohe Renommee des Orchesters.<\/p>\n\n\n\n<p>Das Musikkorps der Bundeswehr war und ist nicht nur im Inland, sondern auch bei Auslandseins\u00e4tzen ein gefragter Klangk\u00f6rper. In zahlreichen europ\u00e4ischen L\u00e4ndern \u2013 aber auch in Japan, den USA und Russland \u2013 waren die Musikerinnen und Musiker zu Gast. Herausragende Galakonzerte bei internationalen Musik- und Fachorganisationen trugen entscheidend dazu bei, das repr\u00e4sentative Konzertorchester der Bundeswehr auch in der zivilen Kulturlandschaft nachhaltig zu etablieren. (Vorlage: \u00a9 Michael Penczynski)<\/p>\n","protected":false},"excerpt":{"rendered":"<p>das Musikkorps der Bundeswehr wird unter der Leitung von Oberstleutnant Christian Weiper (ein Ahauser) am 3. Juni 2025 um 19:30 Uhr (Einlass: 18:30 Uhr) im Kulturquadrat (Stadthalle) ein vielf\u00e4ltiges Konzertprogramm unter dem Motto \u201ePictures and Movies \u2013 von Mussorgsky bis Morricone\u201c geben. Die Veranstaltung wird auf Initiative des Musikverein Ahaus 1975 e.V. in Kooperation mit<a href=\"https:\/\/www.musikverein-ahaus.de\/de_de\/vorverkauf-fuer-das-benefizkonzert-des-musikkorps-der-bundeswehr-in-ahaus-hat-begonnen\/\" class=\"read-more\">&nbsp; Continue Reading &raquo;<\/a><\/p>\n","protected":false},"author":7,"featured_media":6054,"comment_status":"closed","ping_status":"closed","sticky":false,"template":"","format":"standard","meta":{"footnotes":""},"categories":[1,4],"tags":[],"class_list":["post-6053","post","type-post","status-publish","format-standard","has-post-thumbnail","hentry","category-allgemein","category-fotos","cat-1-id","cat-4-id","has_thumb"],"_links":{"self":[{"href":"https:\/\/www.musikverein-ahaus.de\/de_de\/wp-json\/wp\/v2\/posts\/6053","targetHints":{"allow":["GET"]}}],"collection":[{"href":"https:\/\/www.musikverein-ahaus.de\/de_de\/wp-json\/wp\/v2\/posts"}],"about":[{"href":"https:\/\/www.musikverein-ahaus.de\/de_de\/wp-json\/wp\/v2\/types\/post"}],"author":[{"embeddable":true,"href":"https:\/\/www.musikverein-ahaus.de\/de_de\/wp-json\/wp\/v2\/users\/7"}],"replies":[{"embeddable":true,"href":"https:\/\/www.musikverein-ahaus.de\/de_de\/wp-json\/wp\/v2\/comments?post=6053"}],"version-history":[{"count":4,"href":"https:\/\/www.musikverein-ahaus.de\/de_de\/wp-json\/wp\/v2\/posts\/6053\/revisions"}],"predecessor-version":[{"id":6066,"href":"https:\/\/www.musikverein-ahaus.de\/de_de\/wp-json\/wp\/v2\/posts\/6053\/revisions\/6066"}],"wp:featuredmedia":[{"embeddable":true,"href":"https:\/\/www.musikverein-ahaus.de\/de_de\/wp-json\/wp\/v2\/media\/6054"}],"wp:attachment":[{"href":"https:\/\/www.musikverein-ahaus.de\/de_de\/wp-json\/wp\/v2\/media?parent=6053"}],"wp:term":[{"taxonomy":"category","embeddable":true,"href":"https:\/\/www.musikverein-ahaus.de\/de_de\/wp-json\/wp\/v2\/categories?post=6053"},{"taxonomy":"post_tag","embeddable":true,"href":"https:\/\/www.musikverein-ahaus.de\/de_de\/wp-json\/wp\/v2\/tags?post=6053"}],"curies":[{"name":"wp","href":"https:\/\/api.w.org\/{rel}","templated":true}]}}