{"id":6062,"date":"2025-02-27T21:16:41","date_gmt":"2025-02-27T20:16:41","guid":{"rendered":"https:\/\/www.musikverein-ahaus.de\/?p=6062"},"modified":"2025-02-27T21:16:43","modified_gmt":"2025-02-27T20:16:43","slug":"welche-bands-werden-am-30-08-2025-beim-brass-festival-spielen-hier-woechentliche-bekanntgabe","status":"publish","type":"post","link":"https:\/\/www.musikverein-ahaus.de\/de_de\/welche-bands-werden-am-30-08-2025-beim-brass-festival-spielen-hier-woechentliche-bekanntgabe\/","title":{"rendered":"Welche Bands werden am 30.08.2025 beim Brass-Festival spielen? Hier w\u00f6chentliche Bekanntgabe!"},"content":{"rendered":"\n<p>Wir sind sehr stolz drauf, Ihnen am 30.08.25 die bekannte Formation BLECHVERLIEBT mit Christoph Harpers aus W\u00fcllen pr\u00e4sentieren zu d\u00fcrfen.<\/p>\n\n\n\n<p>\u201eBlechVerliebt\u201c ist eine 7er-Besetzung aus NRW. Die sieben Vollblutmusiker machen \u201eBlasmusik mit Herz\u201c und begeistern bei ihren Auftritten die Blasmusik-Liebhaber mit traditionellen, b\u00f6hmischen Kl\u00e4ngen, aber auch im modernen Rock\/Pop-Sound. Selbstverst\u00e4ndlich befinden sich auch einige Solo-Titel von Fl\u00fcgelhorn bis Tuba im Repertoire der sieben Musikanten.<\/p>\n\n\n\n<figure class=\"wp-block-image size-large\"><a href=\"https:\/\/www.musikverein-ahaus.de\/wp-content\/uploads\/2025\/02\/BlechVerliebt-Gruppenfoto-Quadrat-scaled-e1740687352781.jpg\"><img loading=\"lazy\" decoding=\"async\" width=\"1024\" height=\"1024\" src=\"https:\/\/www.musikverein-ahaus.de\/wp-content\/uploads\/2025\/02\/BlechVerliebt-Gruppenfoto-Quadrat-1024x1024.jpg\" alt=\"\" class=\"wp-image-6063\"\/><\/a><\/figure>\n\n\n\n<p>Gegr\u00fcndet im M\u00fcnsterland besteht \u201eBlechVerliebt\u201c aus Mario Lorenz (Fl\u00fcgelhorn &amp; Trompete), Stefan V\u00f6rding (Fl\u00fcgelhorn &amp; Trompete), Uwe Berning (Trompete), Christoph Harpers (Tenorhorn &amp; Posaune), Georg Steiner (Bariton &amp; Posaune), Alex Schmitz (Tuba) und Bj\u00f6rn Schl\u00fcter (Schlagzeug).<\/p>\n\n\n\n<p>F\u00fcr den richtigen Sound setzen die Musiker vor allem auf eigene Arrangements klassischer Blasmusik-Hits, moderner Unterhaltungsmusik und herzergreifender Balladen. Von z\u00fcnftiger Bierzeltstimmung bis hin zum anspruchsvollen Konzerterlebnis &#8211; \u201eBlechVerliebt\u201c garantiert immer beste Unterhaltung.<\/p>\n","protected":false},"excerpt":{"rendered":"<p>Wir sind sehr stolz drauf, Ihnen am 30.08.25 die bekannte Formation BLECHVERLIEBT mit Christoph Harpers aus W\u00fcllen pr\u00e4sentieren zu d\u00fcrfen. \u201eBlechVerliebt\u201c ist eine 7er-Besetzung aus NRW. Die sieben Vollblutmusiker machen \u201eBlasmusik mit Herz\u201c und begeistern bei ihren Auftritten die Blasmusik-Liebhaber mit traditionellen, b\u00f6hmischen Kl\u00e4ngen, aber auch im modernen Rock\/Pop-Sound. Selbstverst\u00e4ndlich befinden sich auch einige Solo-Titel<a href=\"https:\/\/www.musikverein-ahaus.de\/de_de\/welche-bands-werden-am-30-08-2025-beim-brass-festival-spielen-hier-woechentliche-bekanntgabe\/\" class=\"read-more\">&nbsp; Continue Reading &raquo;<\/a><\/p>\n","protected":false},"author":7,"featured_media":6063,"comment_status":"closed","ping_status":"closed","sticky":false,"template":"","format":"standard","meta":{"footnotes":""},"categories":[1],"tags":[],"class_list":["post-6062","post","type-post","status-publish","format-standard","has-post-thumbnail","hentry","category-allgemein","cat-1-id","has_thumb"],"_links":{"self":[{"href":"https:\/\/www.musikverein-ahaus.de\/de_de\/wp-json\/wp\/v2\/posts\/6062","targetHints":{"allow":["GET"]}}],"collection":[{"href":"https:\/\/www.musikverein-ahaus.de\/de_de\/wp-json\/wp\/v2\/posts"}],"about":[{"href":"https:\/\/www.musikverein-ahaus.de\/de_de\/wp-json\/wp\/v2\/types\/post"}],"author":[{"embeddable":true,"href":"https:\/\/www.musikverein-ahaus.de\/de_de\/wp-json\/wp\/v2\/users\/7"}],"replies":[{"embeddable":true,"href":"https:\/\/www.musikverein-ahaus.de\/de_de\/wp-json\/wp\/v2\/comments?post=6062"}],"version-history":[{"count":1,"href":"https:\/\/www.musikverein-ahaus.de\/de_de\/wp-json\/wp\/v2\/posts\/6062\/revisions"}],"predecessor-version":[{"id":6064,"href":"https:\/\/www.musikverein-ahaus.de\/de_de\/wp-json\/wp\/v2\/posts\/6062\/revisions\/6064"}],"wp:featuredmedia":[{"embeddable":true,"href":"https:\/\/www.musikverein-ahaus.de\/de_de\/wp-json\/wp\/v2\/media\/6063"}],"wp:attachment":[{"href":"https:\/\/www.musikverein-ahaus.de\/de_de\/wp-json\/wp\/v2\/media?parent=6062"}],"wp:term":[{"taxonomy":"category","embeddable":true,"href":"https:\/\/www.musikverein-ahaus.de\/de_de\/wp-json\/wp\/v2\/categories?post=6062"},{"taxonomy":"post_tag","embeddable":true,"href":"https:\/\/www.musikverein-ahaus.de\/de_de\/wp-json\/wp\/v2\/tags?post=6062"}],"curies":[{"name":"wp","href":"https:\/\/api.w.org\/{rel}","templated":true}]}}