{"id":6098,"date":"2025-03-31T13:58:33","date_gmt":"2025-03-31T11:58:33","guid":{"rendered":"https:\/\/www.musikverein-ahaus.de\/?p=6098"},"modified":"2025-03-31T21:14:36","modified_gmt":"2025-03-31T19:14:36","slug":"brass-festival-30-08-2025-we-are-proud-to-present-faettes-blech-vollblas","status":"publish","type":"post","link":"https:\/\/www.musikverein-ahaus.de\/de_de\/brass-festival-30-08-2025-we-are-proud-to-present-faettes-blech-vollblas\/","title":{"rendered":"Heute geben wir den letzten Act f\u00fcr unser Brassfestival bekannt und es ist niemand geringeres als F\u00e4ttes B"},"content":{"rendered":"\n<h2 class=\"wp-block-heading\" id=\"headline118310887\">Brass Festival am 30.08.2025! in Ahaus<\/h2>\n\n\n\n<p>F\u00c4TTES B macht keinen halben Kram!!!\u00a0<\/p>\n\n\n\n<p>Urspr\u00fcnglich als reine Brassband gestartet, liefert die Crew jetzt einen bombastischen Mix aus f\u00e4tten Beats, starkem Rap und einer Brass Section, die dir den Atem raubt. Ihr neuer Sound sprengt die Grenzen und bringt frischen Wind in die Musiklandschaft.<\/p>\n\n\n\n<p>Hier treffen authentische, einpr\u00e4gsame Lyrics auf Bl\u00e4sersounds, die DIREKT ins Ohr gehen &#8211; und ein Beatfundament, das mehr in der Magengrube als im Trommelfell landet.<\/p>\n\n\n\n<figure class=\"wp-block-image size-full\"><a href=\"https:\/\/www.musikverein-ahaus.de\/wp-content\/uploads\/2025\/03\/a31495850e21637ef901d8f2f32ff3c0a5f893a6_fwebp-h550-w800.jpg\"><img loading=\"lazy\" decoding=\"async\" width=\"800\" height=\"550\" src=\"https:\/\/www.musikverein-ahaus.de\/wp-content\/uploads\/2025\/03\/a31495850e21637ef901d8f2f32ff3c0a5f893a6_fwebp-h550-w800.jpg\" alt=\"\" class=\"wp-image-6103\" srcset=\"https:\/\/www.musikverein-ahaus.de\/wp-content\/uploads\/2025\/03\/a31495850e21637ef901d8f2f32ff3c0a5f893a6_fwebp-h550-w800.jpg 800w, https:\/\/www.musikverein-ahaus.de\/wp-content\/uploads\/2025\/03\/a31495850e21637ef901d8f2f32ff3c0a5f893a6_fwebp-h550-w800-18x12.jpg 18w, https:\/\/www.musikverein-ahaus.de\/wp-content\/uploads\/2025\/03\/a31495850e21637ef901d8f2f32ff3c0a5f893a6_fwebp-h550-w800-300x206.jpg 300w, https:\/\/www.musikverein-ahaus.de\/wp-content\/uploads\/2025\/03\/a31495850e21637ef901d8f2f32ff3c0a5f893a6_fwebp-h550-w800-768x528.jpg 768w\" sizes=\"auto, (max-width: 800px) 100vw, 800px\" \/><\/a><\/figure>\n\n\n\n<p>Live? Ein absolutes Brett!!!&nbsp;<\/p>\n\n\n\n<p>Mit \u00fcber 10 Jahren B\u00fchnenerfahrung entert F\u00c4TTES B jedes Festival. An diesem Abend kommen alle Freunde vom Woodstock der Blasmusik garantiert auf ihre Kosten und vor Begeisterung bleibt kein Auge trocken.<\/p>\n\n\n\n<p>2025 wird gigantisch gro\u00df: Die Band schraubt gerade an ihrem ersten Studioalbum, um den n\u00e4chsten Sommer zum Beben zu bringen!<\/p>\n","protected":false},"excerpt":{"rendered":"<p>Brass Festival am 30.08.2025! in Ahaus F\u00c4TTES B macht keinen halben Kram!!!\u00a0 Urspr\u00fcnglich als reine Brassband gestartet, liefert die Crew jetzt einen bombastischen Mix aus f\u00e4tten Beats, starkem Rap und einer Brass Section, die dir den Atem raubt. Ihr neuer Sound sprengt die Grenzen und bringt frischen Wind in die Musiklandschaft. Hier treffen authentische, einpr\u00e4gsame<a href=\"https:\/\/www.musikverein-ahaus.de\/de_de\/brass-festival-30-08-2025-we-are-proud-to-present-faettes-blech-vollblas\/\" class=\"read-more\">&nbsp; Continue Reading &raquo;<\/a><\/p>\n","protected":false},"author":7,"featured_media":6103,"comment_status":"closed","ping_status":"closed","sticky":false,"template":"","format":"standard","meta":{"footnotes":""},"categories":[1],"tags":[],"class_list":["post-6098","post","type-post","status-publish","format-standard","has-post-thumbnail","hentry","category-allgemein","cat-1-id","has_thumb"],"_links":{"self":[{"href":"https:\/\/www.musikverein-ahaus.de\/de_de\/wp-json\/wp\/v2\/posts\/6098","targetHints":{"allow":["GET"]}}],"collection":[{"href":"https:\/\/www.musikverein-ahaus.de\/de_de\/wp-json\/wp\/v2\/posts"}],"about":[{"href":"https:\/\/www.musikverein-ahaus.de\/de_de\/wp-json\/wp\/v2\/types\/post"}],"author":[{"embeddable":true,"href":"https:\/\/www.musikverein-ahaus.de\/de_de\/wp-json\/wp\/v2\/users\/7"}],"replies":[{"embeddable":true,"href":"https:\/\/www.musikverein-ahaus.de\/de_de\/wp-json\/wp\/v2\/comments?post=6098"}],"version-history":[{"count":9,"href":"https:\/\/www.musikverein-ahaus.de\/de_de\/wp-json\/wp\/v2\/posts\/6098\/revisions"}],"predecessor-version":[{"id":6131,"href":"https:\/\/www.musikverein-ahaus.de\/de_de\/wp-json\/wp\/v2\/posts\/6098\/revisions\/6131"}],"wp:featuredmedia":[{"embeddable":true,"href":"https:\/\/www.musikverein-ahaus.de\/de_de\/wp-json\/wp\/v2\/media\/6103"}],"wp:attachment":[{"href":"https:\/\/www.musikverein-ahaus.de\/de_de\/wp-json\/wp\/v2\/media?parent=6098"}],"wp:term":[{"taxonomy":"category","embeddable":true,"href":"https:\/\/www.musikverein-ahaus.de\/de_de\/wp-json\/wp\/v2\/categories?post=6098"},{"taxonomy":"post_tag","embeddable":true,"href":"https:\/\/www.musikverein-ahaus.de\/de_de\/wp-json\/wp\/v2\/tags?post=6098"}],"curies":[{"name":"wp","href":"https:\/\/api.w.org\/{rel}","templated":true}]}}