{"id":6117,"date":"2025-03-31T14:32:44","date_gmt":"2025-03-31T12:32:44","guid":{"rendered":"https:\/\/www.musikverein-ahaus.de\/?p=6117"},"modified":"2025-03-31T14:32:45","modified_gmt":"2025-03-31T12:32:45","slug":"sa-30-august-1500-uhr-2300-uhr-brass-festival-live-am-schloss","status":"publish","type":"post","link":"https:\/\/www.musikverein-ahaus.de\/de_de\/sa-30-august-1500-uhr-2300-uhr-brass-festival-live-am-schloss\/","title":{"rendered":"Sa., 30. August, 15:00 Uhr \u2013 23:00 Uhr \/ Brass-Festival live am Schloss"},"content":{"rendered":"\n<p><strong>Eine musikalische Weltpremiere live am Schloss<\/strong><\/p>\n\n\n\n<p>Im Herzen des M\u00fcnsterlands erwacht eine musikalische Revolution: Das erste Brass-Festival verspricht mehr als nur traditionelle Kl\u00e4nge. Es ist ein Fest der Generationen, der Kulturen und der unb\u00e4ndigen Musikfreude.<\/p>\n\n\n\n<p>Blechbl\u00e4ser treffen auf moderne Beats, klassische Blasmusik tanzt mit Jazz und Rap. Bands wie Jazzalike aus den Niederlanden und F\u00c4TTES B aus \u00d6sterreich sprengen musikalische Grenzen. Sie bringen eine Energie mit, die niemanden auf seinem Platz l\u00e4sst.&nbsp;<\/p>\n\n\n\n<figure class=\"wp-block-image size-full\"><a href=\"https:\/\/www.musikverein-ahaus.de\/wp-content\/uploads\/2025\/02\/Brass.jpg\"><img loading=\"lazy\" decoding=\"async\" width=\"800\" height=\"800\" src=\"https:\/\/www.musikverein-ahaus.de\/wp-content\/uploads\/2025\/02\/Brass.jpg\" alt=\"\" class=\"wp-image-6048\" srcset=\"https:\/\/www.musikverein-ahaus.de\/wp-content\/uploads\/2025\/02\/Brass.jpg 800w, https:\/\/www.musikverein-ahaus.de\/wp-content\/uploads\/2025\/02\/Brass-300x300.jpg 300w, https:\/\/www.musikverein-ahaus.de\/wp-content\/uploads\/2025\/02\/Brass-150x150.jpg 150w, https:\/\/www.musikverein-ahaus.de\/wp-content\/uploads\/2025\/02\/Brass-768x768.jpg 768w, https:\/\/www.musikverein-ahaus.de\/wp-content\/uploads\/2025\/02\/Brass-12x12.jpg 12w\" sizes=\"auto, (max-width: 800px) 100vw, 800px\" \/><\/a><\/figure>\n\n\n\n<p>**Jazzalike**: \u00dcber 50 Shows pro Jahr, Festivalhelden mit der F\u00e4higkeit, jede Party zum Kochen zu bringen&nbsp;<\/p>\n\n\n\n<p>&nbsp;**F\u00c4TTES B**: Eine Band, die Brass-Sounds mit kraftvollen Raps verschmelzen l\u00e4sst&nbsp;<\/p>\n\n\n\n<p>&nbsp;**Lokale Helden** wie der Musikverein Ahaus und BlechVerliebt zeigen die Wurzeln der Blasmusik.<\/p>\n\n\n\n<p id=\"isPasted\"><strong>Programmablauf<\/strong>:&nbsp;<\/p>\n\n\n\n<p>Einlass 15.00 Uhr<\/p>\n\n\n\n<p>Musikverein Ahaus 16.00 Uhr &#8211; 17.00 Uhr<\/p>\n\n\n\n<p>Blechverliebt 17.20 &#8211; 19.00 Uhr<\/p>\n\n\n\n<p><a href=\"https:\/\/www.jazzalike.com\/\" target=\"_blank\" rel=\"noreferrer noopener\">Jazzalike<\/a> 19.15 &#8211; 20.45 Uhr<\/p>\n\n\n\n<p><a href=\"https:\/\/www.faettesb.de\/#home\" target=\"_blank\" rel=\"noreferrer noopener\">F\u00e4ttes B<\/a>&nbsp; 21.15 &#8211; 23.00 Uhr<\/p>\n\n\n\n<p>und hier k\u00f6nnt ihr eure Karten bestellen:<\/p>\n\n\n\n<p><a href=\"https:\/\/ahaus.de\/events?eventId=2143816\">https:\/\/ahaus.de\/events?eventId=2143816<\/a><\/p>\n\n\n\n<p>Vorlage: Stadt Ahaus<\/p>\n","protected":false},"excerpt":{"rendered":"<p>Eine musikalische Weltpremiere live am Schloss Im Herzen des M\u00fcnsterlands erwacht eine musikalische Revolution: Das erste Brass-Festival verspricht mehr als nur traditionelle Kl\u00e4nge. Es ist ein Fest der Generationen, der Kulturen und der unb\u00e4ndigen Musikfreude. Blechbl\u00e4ser treffen auf moderne Beats, klassische Blasmusik tanzt mit Jazz und Rap. Bands wie Jazzalike aus den Niederlanden und F\u00c4TTES<a href=\"https:\/\/www.musikverein-ahaus.de\/de_de\/sa-30-august-1500-uhr-2300-uhr-brass-festival-live-am-schloss\/\" class=\"read-more\">&nbsp; Continue Reading &raquo;<\/a><\/p>\n","protected":false},"author":7,"featured_media":6048,"comment_status":"closed","ping_status":"closed","sticky":false,"template":"","format":"standard","meta":{"footnotes":""},"categories":[1],"tags":[],"class_list":["post-6117","post","type-post","status-publish","format-standard","has-post-thumbnail","hentry","category-allgemein","cat-1-id","has_thumb"],"_links":{"self":[{"href":"https:\/\/www.musikverein-ahaus.de\/de_de\/wp-json\/wp\/v2\/posts\/6117","targetHints":{"allow":["GET"]}}],"collection":[{"href":"https:\/\/www.musikverein-ahaus.de\/de_de\/wp-json\/wp\/v2\/posts"}],"about":[{"href":"https:\/\/www.musikverein-ahaus.de\/de_de\/wp-json\/wp\/v2\/types\/post"}],"author":[{"embeddable":true,"href":"https:\/\/www.musikverein-ahaus.de\/de_de\/wp-json\/wp\/v2\/users\/7"}],"replies":[{"embeddable":true,"href":"https:\/\/www.musikverein-ahaus.de\/de_de\/wp-json\/wp\/v2\/comments?post=6117"}],"version-history":[{"count":3,"href":"https:\/\/www.musikverein-ahaus.de\/de_de\/wp-json\/wp\/v2\/posts\/6117\/revisions"}],"predecessor-version":[{"id":6120,"href":"https:\/\/www.musikverein-ahaus.de\/de_de\/wp-json\/wp\/v2\/posts\/6117\/revisions\/6120"}],"wp:featuredmedia":[{"embeddable":true,"href":"https:\/\/www.musikverein-ahaus.de\/de_de\/wp-json\/wp\/v2\/media\/6048"}],"wp:attachment":[{"href":"https:\/\/www.musikverein-ahaus.de\/de_de\/wp-json\/wp\/v2\/media?parent=6117"}],"wp:term":[{"taxonomy":"category","embeddable":true,"href":"https:\/\/www.musikverein-ahaus.de\/de_de\/wp-json\/wp\/v2\/categories?post=6117"},{"taxonomy":"post_tag","embeddable":true,"href":"https:\/\/www.musikverein-ahaus.de\/de_de\/wp-json\/wp\/v2\/tags?post=6117"}],"curies":[{"name":"wp","href":"https:\/\/api.w.org\/{rel}","templated":true}]}}