{"id":6141,"date":"2025-04-24T18:35:00","date_gmt":"2025-04-24T16:35:00","guid":{"rendered":"https:\/\/www.musikverein-ahaus.de\/?p=6141"},"modified":"2025-05-17T18:44:31","modified_gmt":"2025-05-17T16:44:31","slug":"brass-festival-live-am-schloss","status":"publish","type":"post","link":"https:\/\/www.musikverein-ahaus.de\/de_de\/brass-festival-live-am-schloss\/","title":{"rendered":"Brass-Festival &#8222;Live am Schloss&#8220;"},"content":{"rendered":"\n<h2 class=\"wp-block-heading\" id=\"headline118320083\"><\/h2>\n\n\n\n<figure class=\"wp-block-gallery has-nested-images columns-default is-cropped wp-block-gallery-1 is-layout-flex wp-block-gallery-is-layout-flex\">\n<figure class=\"wp-block-image size-large\"><a href=\"https:\/\/www.musikverein-ahaus.de\/wp-content\/uploads\/2025\/04\/53874f7194d0cd29303fcc08ed48ed85e1b02b9e_fwebp-h1000-w800.jpg\"><img loading=\"lazy\" decoding=\"async\" width=\"800\" height=\"1000\" data-id=\"6147\" src=\"https:\/\/www.musikverein-ahaus.de\/wp-content\/uploads\/2025\/04\/53874f7194d0cd29303fcc08ed48ed85e1b02b9e_fwebp-h1000-w800.jpg\" alt=\"\" class=\"wp-image-6147\" srcset=\"https:\/\/www.musikverein-ahaus.de\/wp-content\/uploads\/2025\/04\/53874f7194d0cd29303fcc08ed48ed85e1b02b9e_fwebp-h1000-w800.jpg 800w, https:\/\/www.musikverein-ahaus.de\/wp-content\/uploads\/2025\/04\/53874f7194d0cd29303fcc08ed48ed85e1b02b9e_fwebp-h1000-w800-10x12.jpg 10w, https:\/\/www.musikverein-ahaus.de\/wp-content\/uploads\/2025\/04\/53874f7194d0cd29303fcc08ed48ed85e1b02b9e_fwebp-h1000-w800-240x300.jpg 240w, https:\/\/www.musikverein-ahaus.de\/wp-content\/uploads\/2025\/04\/53874f7194d0cd29303fcc08ed48ed85e1b02b9e_fwebp-h1000-w800-768x960.jpg 768w\" sizes=\"auto, (max-width: 800px) 100vw, 800px\" \/><\/a><\/figure>\n<\/figure>\n\n\n\n<p>Hallo liebe Freunde des Musikvereins,<\/p>\n\n\n\n<p>mit gro\u00dfer Begeisterung d\u00fcrfen wir nun Stolz verk\u00fcnden, dass der Ticketverkauf f\u00fcr unser gro\u00dfes Brass-Festival begonnen hat.<\/p>\n\n\n\n<p>Die Mitglieder des Musikvereins w\u00fcrden sich wahnsinnig dar\u00fcber freuen, wenn wir viele Bekannte Gesichter dort antreffen und wir mit euch dort ein Bier trinken d\u00fcrfen.<\/p>\n\n\n\n<p>Wir haben keine Kosten und M\u00fchen gescheut, um ein unglaublich vielf\u00e4ltiges Programm auf die Beine zu stellen.<\/p>\n\n\n\n<p>Die Veranstaltung beginnt nachmittags um 15 Uhr auf dem S\u00fcmmermannplatz vor dem Ahauser Barockschloss. Zun\u00e4chst wird der Musikverein Ahaus den Tag mit konzertanter Blasmusik er\u00f6ffnen. Anschlie\u00dfend spielen die 7er-Besetzung BLECHVERLIEBT, die Band JAZZALIKE aus den Niederlanden und F\u00c4TTES B.<\/p>\n\n\n\n<p>Hier ein paar Infos zum Tag und zum Ablauf:<\/p>\n\n\n\n<p>Eine musikalische Weltpremiere live am Schloss!!! Im Herzen des M\u00fcnsterlands erwacht eine musikalische Revolution:&nbsp;<\/p>\n\n\n\n<p>Das erste Brass-Festival verspricht mehr als nur traditionelle Kl\u00e4nge. Es ist ein Fest der Generationen, der Kulturen und der unb\u00e4ndigen Musikfreude.&nbsp;<\/p>\n\n\n\n<p>Blechbl\u00e4ser treffen auf moderne Beats, klassische Blasmusik tanzt mit Jazz und Polkaelementen.&nbsp;<\/p>\n\n\n\n<p>Bands wie Jazzalike aus den Niederlanden und F\u00c4TTES B aus Bayern sprengen musikalische Grenzen. Sie bringen eine Energie mit, die niemanden auf seinem Platz l\u00e4sst.&nbsp;<\/p>\n\n\n\n<p>Programmablauf:<\/p>\n\n\n\n<p>Einlass 15.00 Uhr<\/p>\n\n\n\n<p>Musikverein Ahaus 16.00 Uhr \u2013 17.15 Uhr<\/p>\n\n\n\n<p>Blechverliebt 17.20 \u2013 19.00 Uhr<\/p>\n\n\n\n<p><a href=\"https:\/\/www.jazzalike.com\/\" target=\"_blank\" rel=\"noreferrer noopener\">Jazzalike<\/a> 19.15 \u2013 20.45 Uhr<\/p>\n\n\n\n<p><a href=\"https:\/\/www.faettesb.de\/#home\" target=\"_blank\" rel=\"noreferrer noopener\">F\u00e4ttes B<\/a>&nbsp; 21.15 \u2013 23.00 Uhr<\/p>\n\n\n\n<p>&#8230;und hier k\u00f6nnt ihr eure Karten bestellen:<\/p>\n\n\n\n<p><a href=\"https:\/\/ahaus.de\/events?eventId=2143816\">https:\/\/ahaus.de\/events?eventId=2143816<\/a><\/p>\n\n\n\n<p>Fragt euren Kegelverein, eure Nachbarschaft, eure Familie und den Bekanntenkreis.&nbsp;<\/p>\n\n\n\n<p>Wir freuen uns auf dieses gro\u00dfe Ereignis m\u00f6chten sehr gerne diesen Tag mit euch feiern.&nbsp;<\/p>\n\n\n\n<p>Ach ja, was kostet der Eintritt?<\/p>\n\n\n\n<p>Stehplatz: 25\u20ac<\/p>\n\n\n\n<p>Sitzplatz: 35\u20ac<\/p>\n\n\n\n<p>&#8230;.und zwar f\u00fcr ALLE BANDS zusammen!!!<\/p>\n\n\n\n<p>Einige wenige Eintrittskarten gibt es \u00fcbrigens zudem noch f\u00fcr das Konzert mit dem Stabsmusikkorps am 03.06.2025 im Kulturquadrat.<\/p>\n","protected":false},"excerpt":{"rendered":"<p>Hallo liebe Freunde des Musikvereins, mit gro\u00dfer Begeisterung d\u00fcrfen wir nun Stolz verk\u00fcnden, dass der Ticketverkauf f\u00fcr unser gro\u00dfes Brass-Festival begonnen hat. Die Mitglieder des Musikvereins w\u00fcrden sich wahnsinnig dar\u00fcber freuen, wenn wir viele Bekannte Gesichter dort antreffen und wir mit euch dort ein Bier trinken d\u00fcrfen. Wir haben keine Kosten und M\u00fchen gescheut, um<a href=\"https:\/\/www.musikverein-ahaus.de\/de_de\/brass-festival-live-am-schloss\/\" class=\"read-more\">&nbsp; Continue Reading &raquo;<\/a><\/p>\n","protected":false},"author":7,"featured_media":6147,"comment_status":"closed","ping_status":"closed","sticky":false,"template":"","format":"standard","meta":{"footnotes":""},"categories":[1,4],"tags":[],"class_list":["post-6141","post","type-post","status-publish","format-standard","has-post-thumbnail","hentry","category-allgemein","category-fotos","cat-1-id","cat-4-id","has_thumb"],"_links":{"self":[{"href":"https:\/\/www.musikverein-ahaus.de\/de_de\/wp-json\/wp\/v2\/posts\/6141","targetHints":{"allow":["GET"]}}],"collection":[{"href":"https:\/\/www.musikverein-ahaus.de\/de_de\/wp-json\/wp\/v2\/posts"}],"about":[{"href":"https:\/\/www.musikverein-ahaus.de\/de_de\/wp-json\/wp\/v2\/types\/post"}],"author":[{"embeddable":true,"href":"https:\/\/www.musikverein-ahaus.de\/de_de\/wp-json\/wp\/v2\/users\/7"}],"replies":[{"embeddable":true,"href":"https:\/\/www.musikverein-ahaus.de\/de_de\/wp-json\/wp\/v2\/comments?post=6141"}],"version-history":[{"count":4,"href":"https:\/\/www.musikverein-ahaus.de\/de_de\/wp-json\/wp\/v2\/posts\/6141\/revisions"}],"predecessor-version":[{"id":6149,"href":"https:\/\/www.musikverein-ahaus.de\/de_de\/wp-json\/wp\/v2\/posts\/6141\/revisions\/6149"}],"wp:featuredmedia":[{"embeddable":true,"href":"https:\/\/www.musikverein-ahaus.de\/de_de\/wp-json\/wp\/v2\/media\/6147"}],"wp:attachment":[{"href":"https:\/\/www.musikverein-ahaus.de\/de_de\/wp-json\/wp\/v2\/media?parent=6141"}],"wp:term":[{"taxonomy":"category","embeddable":true,"href":"https:\/\/www.musikverein-ahaus.de\/de_de\/wp-json\/wp\/v2\/categories?post=6141"},{"taxonomy":"post_tag","embeddable":true,"href":"https:\/\/www.musikverein-ahaus.de\/de_de\/wp-json\/wp\/v2\/tags?post=6141"}],"curies":[{"name":"wp","href":"https:\/\/api.w.org\/{rel}","templated":true}]}}