{"id":6176,"date":"2025-06-08T13:56:30","date_gmt":"2025-06-08T11:56:30","guid":{"rendered":"https:\/\/www.musikverein-ahaus.de\/?p=6176"},"modified":"2025-06-08T14:08:41","modified_gmt":"2025-06-08T12:08:41","slug":"brass-festival-live-am-schloss-2","status":"publish","type":"post","link":"https:\/\/www.musikverein-ahaus.de\/de_de\/brass-festival-live-am-schloss-2\/","title":{"rendered":"50% Aktion Stehplatz Einzelticket f\u00fcr nur 12,50\u20ac und nur f\u00fcr kurze Zeit !!"},"content":{"rendered":"\n<p><strong><a href=\"https:\/\/ahaus.de\/events?eventId=2143816\">hier Brass-Festival &#8222;Live am Schloss&#8220;<\/a> schnell noch bestellen!<\/strong><\/p>\n\n\n\n<p><\/p>\n\n\n\n<figure class=\"wp-block-gallery has-nested-images columns-default is-cropped wp-block-gallery-1 is-layout-flex wp-block-gallery-is-layout-flex\">\n<figure class=\"wp-block-image size-large\"><a href=\"https:\/\/www.musikverein-ahaus.de\/wp-content\/uploads\/2025\/05\/53874f7194d0cd29303fcc08ed48ed85e1b02b9e_fwebp-h1000-w800.avif\"><img decoding=\"async\" data-id=\"6143\" src=\"https:\/\/www.musikverein-ahaus.de\/wp-content\/uploads\/2025\/05\/53874f7194d0cd29303fcc08ed48ed85e1b02b9e_fwebp-h1000-w800.avif\" alt=\"\" class=\"wp-image-6143\"\/><\/a><\/figure>\n<\/figure>\n\n\n\n<p id=\"isPasted\"><strong>Programmablauf<\/strong>:&nbsp;<\/p>\n\n\n\n<p>Einlass 15.00 Uhr<\/p>\n\n\n\n<p>Musikverein Ahaus 16.00 Uhr &#8211; 17.00 Uhr<\/p>\n\n\n\n<p><a href=\"https:\/\/www.youtube.com\/channel\/UCfhv7R4pMl7F1F1qFShyTzQ\">Blechverliebt<\/a> 17.20 &#8211; 19.00 Uhr<\/p>\n\n\n\n<p><a href=\"https:\/\/www.jazzalike.com\/\" target=\"_blank\" rel=\"noreferrer noopener\">Jazzalike<\/a> 19.15 &#8211; 20.45 Uhr<\/p>\n\n\n\n<p><a href=\"https:\/\/www.faettesb.de\/#home\" target=\"_blank\" rel=\"noreferrer noopener\">F\u00e4ttes B<\/a>&nbsp; 21.15 &#8211; 23.00 Uhr<\/p>\n\n\n\n<p><strong>Eine musikalische Weltpremiere live am Schloss<\/strong><\/p>\n\n\n\n<p>Im Herzen des M\u00fcnsterlands erwacht eine musikalische Revolution: Das erste Brass-Festival verspricht mehr als nur traditionelle Kl\u00e4nge. Es ist ein Fest der Generationen, der Kulturen und der unb\u00e4ndigen Musikfreude.<\/p>\n\n\n\n<p>Eine Reise durch Kl\u00e4nge&nbsp;<\/p>\n\n\n\n<p>Stellen Sie sich vor: Blechbl\u00e4ser treffen auf moderne Beats, klassische Blasmusik tanzt mit Jazz und Rap. Bands wie Jazzalike aus den Niederlanden und F\u00c4TTES B aus \u00d6sterreich sprengen musikalische Grenzen. Sie bringen eine Energie mit, die niemanden auf seinem Platz l\u00e4sst.&nbsp;<\/p>\n\n\n\n<p><strong>Die Highlights&nbsp;<\/strong><\/p>\n\n\n\n<p>&nbsp;**Jazzalike**: \u00dcber 50 Shows pro Jahr, Festivalhelden mit der F\u00e4higkeit, jede Party zum Kochen zu bringen&nbsp;<\/p>\n\n\n\n<p>&nbsp;**F\u00c4TTES B**: Eine Band, die Brass-Sounds mit kraftvollen Raps verschmelzen l\u00e4sst&nbsp;<\/p>\n\n\n\n<p>&nbsp;**Lokale Helden** wie der Musikverein Ahaus und BlechVerliebt zeigen die Wurzeln der Blasmusik.<\/p>\n\n\n\n<p>Mehr als nur ein Konzert Dies ist eine Feier der Musik.&nbsp;<\/p>\n\n\n\n<p>Mitsingen ist nicht nur erlaubt &#8211; es ist ausdr\u00fccklich erw\u00fcnscht!&nbsp;<\/p>\n","protected":false},"excerpt":{"rendered":"<p>hier Brass-Festival &#8222;Live am Schloss&#8220; schnell noch bestellen! Programmablauf:&nbsp; Einlass 15.00 Uhr Musikverein Ahaus 16.00 Uhr &#8211; 17.00 Uhr Blechverliebt 17.20 &#8211; 19.00 Uhr Jazzalike 19.15 &#8211; 20.45 Uhr F\u00e4ttes B&nbsp; 21.15 &#8211; 23.00 Uhr Eine musikalische Weltpremiere live am Schloss Im Herzen des M\u00fcnsterlands erwacht eine musikalische Revolution: Das erste Brass-Festival verspricht mehr als<a href=\"https:\/\/www.musikverein-ahaus.de\/de_de\/brass-festival-live-am-schloss-2\/\" class=\"read-more\">&nbsp; Continue Reading &raquo;<\/a><\/p>\n","protected":false},"author":7,"featured_media":0,"comment_status":"closed","ping_status":"closed","sticky":false,"template":"","format":"standard","meta":{"footnotes":""},"categories":[1],"tags":[],"class_list":["post-6176","post","type-post","status-publish","format-standard","hentry","category-allgemein","cat-1-id"],"_links":{"self":[{"href":"https:\/\/www.musikverein-ahaus.de\/de_de\/wp-json\/wp\/v2\/posts\/6176","targetHints":{"allow":["GET"]}}],"collection":[{"href":"https:\/\/www.musikverein-ahaus.de\/de_de\/wp-json\/wp\/v2\/posts"}],"about":[{"href":"https:\/\/www.musikverein-ahaus.de\/de_de\/wp-json\/wp\/v2\/types\/post"}],"author":[{"embeddable":true,"href":"https:\/\/www.musikverein-ahaus.de\/de_de\/wp-json\/wp\/v2\/users\/7"}],"replies":[{"embeddable":true,"href":"https:\/\/www.musikverein-ahaus.de\/de_de\/wp-json\/wp\/v2\/comments?post=6176"}],"version-history":[{"count":6,"href":"https:\/\/www.musikverein-ahaus.de\/de_de\/wp-json\/wp\/v2\/posts\/6176\/revisions"}],"predecessor-version":[{"id":6184,"href":"https:\/\/www.musikverein-ahaus.de\/de_de\/wp-json\/wp\/v2\/posts\/6176\/revisions\/6184"}],"wp:attachment":[{"href":"https:\/\/www.musikverein-ahaus.de\/de_de\/wp-json\/wp\/v2\/media?parent=6176"}],"wp:term":[{"taxonomy":"category","embeddable":true,"href":"https:\/\/www.musikverein-ahaus.de\/de_de\/wp-json\/wp\/v2\/categories?post=6176"},{"taxonomy":"post_tag","embeddable":true,"href":"https:\/\/www.musikverein-ahaus.de\/de_de\/wp-json\/wp\/v2\/tags?post=6176"}],"curies":[{"name":"wp","href":"https:\/\/api.w.org\/{rel}","templated":true}]}}