{"id":6249,"date":"2025-12-23T15:19:10","date_gmt":"2025-12-23T14:19:10","guid":{"rendered":"https:\/\/www.musikverein-ahaus.de\/?p=6249"},"modified":"2026-01-17T15:22:04","modified_gmt":"2026-01-17T14:22:04","slug":"weihnachtskonzert-und-jahresabschluss-2025","status":"publish","type":"post","link":"https:\/\/www.musikverein-ahaus.de\/de_de\/weihnachtskonzert-und-jahresabschluss-2025\/","title":{"rendered":"Weihnachtskonzert und Jahresabschluss 2025"},"content":{"rendered":"\n<p>Am 4. Advent hatten wir unser traditionelles Weihnachtskonzert. In diesem Jahr ausnahmsweise nicht wie gewohnt in der Stadthalle sondern im Ahauser Winterdorf. Gemeinsam mit dem Chor Gospeltrain Ahaus e.V. spielten wir einen Mix aus modernen und traditionellen Weihnachtsliedern, die zum mitsingen einluden.<\/p>\n\n\n\n<p>Im Anschluss daran feierten wir noch unseren Jahresabschluss und haben bei dem ein oder anderen Kaltgetr\u00e4nk dieses aufregende aber auch grandiose Jubil\u00e4umsjahr Revue passieren lassen.<\/p>\n\n\n\n<figure class=\"wp-block-gallery has-nested-images columns-default is-cropped wp-block-gallery-1 is-layout-flex wp-block-gallery-is-layout-flex\">\n<figure class=\"wp-block-image size-large\"><a href=\"https:\/\/www.musikverein-ahaus.de\/wp-content\/uploads\/2026\/01\/604353324_18339864973228101_2630826401174226942_n.jpg\"><img loading=\"lazy\" decoding=\"async\" width=\"768\" height=\"1024\" data-id=\"6253\" src=\"https:\/\/www.musikverein-ahaus.de\/wp-content\/uploads\/2026\/01\/604353324_18339864973228101_2630826401174226942_n-768x1024.jpg\" alt=\"\" class=\"wp-image-6253\" srcset=\"https:\/\/www.musikverein-ahaus.de\/wp-content\/uploads\/2026\/01\/604353324_18339864973228101_2630826401174226942_n-768x1024.jpg 768w, https:\/\/www.musikverein-ahaus.de\/wp-content\/uploads\/2026\/01\/604353324_18339864973228101_2630826401174226942_n-1152x1536.jpg 1152w, https:\/\/www.musikverein-ahaus.de\/wp-content\/uploads\/2026\/01\/604353324_18339864973228101_2630826401174226942_n-9x12.jpg 9w, https:\/\/www.musikverein-ahaus.de\/wp-content\/uploads\/2026\/01\/604353324_18339864973228101_2630826401174226942_n-225x300.jpg 225w, https:\/\/www.musikverein-ahaus.de\/wp-content\/uploads\/2026\/01\/604353324_18339864973228101_2630826401174226942_n.jpg 1200w\" sizes=\"auto, (max-width: 768px) 100vw, 768px\" \/><\/a><\/figure>\n\n\n\n<figure class=\"wp-block-image size-large\"><a href=\"https:\/\/www.musikverein-ahaus.de\/wp-content\/uploads\/2026\/01\/604359359_18339864982228101_2988334990557203312_n.jpg\"><img loading=\"lazy\" decoding=\"async\" width=\"768\" height=\"1024\" data-id=\"6252\" src=\"https:\/\/www.musikverein-ahaus.de\/wp-content\/uploads\/2026\/01\/604359359_18339864982228101_2988334990557203312_n-768x1024.jpg\" alt=\"\" class=\"wp-image-6252\" srcset=\"https:\/\/www.musikverein-ahaus.de\/wp-content\/uploads\/2026\/01\/604359359_18339864982228101_2988334990557203312_n-768x1024.jpg 768w, https:\/\/www.musikverein-ahaus.de\/wp-content\/uploads\/2026\/01\/604359359_18339864982228101_2988334990557203312_n-1152x1536.jpg 1152w, https:\/\/www.musikverein-ahaus.de\/wp-content\/uploads\/2026\/01\/604359359_18339864982228101_2988334990557203312_n-9x12.jpg 9w, https:\/\/www.musikverein-ahaus.de\/wp-content\/uploads\/2026\/01\/604359359_18339864982228101_2988334990557203312_n-225x300.jpg 225w, https:\/\/www.musikverein-ahaus.de\/wp-content\/uploads\/2026\/01\/604359359_18339864982228101_2988334990557203312_n.jpg 1200w\" sizes=\"auto, (max-width: 768px) 100vw, 768px\" \/><\/a><\/figure>\n<\/figure>\n\n\n\n<p>Im Namen des gesamten Vereins bedanken wir uns bei jedem einzelnen f\u00fcr die Unterst\u00fctzung in diesem Jahr. Wir w\u00fcnschen euch und euren Familien sch\u00f6ne und friedvolle Weihnachtstage und einen guten Rutsch ins neue Jahr.<\/p>\n\n\n\n<figure class=\"wp-block-image size-large\"><a href=\"https:\/\/www.musikverein-ahaus.de\/wp-content\/uploads\/2026\/01\/605239680_18339864964228101_8564127132623786377_n-e1768659512541.jpg\"><img loading=\"lazy\" decoding=\"async\" width=\"1024\" height=\"942\" src=\"https:\/\/www.musikverein-ahaus.de\/wp-content\/uploads\/2026\/01\/605239680_18339864964228101_8564127132623786377_n-e1768659512541-1024x942.jpg\" alt=\"\" class=\"wp-image-6251\" srcset=\"https:\/\/www.musikverein-ahaus.de\/wp-content\/uploads\/2026\/01\/605239680_18339864964228101_8564127132623786377_n-e1768659512541-1024x942.jpg 1024w, https:\/\/www.musikverein-ahaus.de\/wp-content\/uploads\/2026\/01\/605239680_18339864964228101_8564127132623786377_n-e1768659512541-13x12.jpg 13w, https:\/\/www.musikverein-ahaus.de\/wp-content\/uploads\/2026\/01\/605239680_18339864964228101_8564127132623786377_n-e1768659512541-300x276.jpg 300w, https:\/\/www.musikverein-ahaus.de\/wp-content\/uploads\/2026\/01\/605239680_18339864964228101_8564127132623786377_n-e1768659512541-768x707.jpg 768w, https:\/\/www.musikverein-ahaus.de\/wp-content\/uploads\/2026\/01\/605239680_18339864964228101_8564127132623786377_n-e1768659512541.jpg 1200w\" sizes=\"auto, (max-width: 1024px) 100vw, 1024px\" \/><\/a><\/figure>\n","protected":false},"excerpt":{"rendered":"<p>Am 4. Advent hatten wir unser traditionelles Weihnachtskonzert. In diesem Jahr ausnahmsweise nicht wie gewohnt in der Stadthalle sondern im Ahauser Winterdorf. Gemeinsam mit dem Chor Gospeltrain Ahaus e.V. spielten wir einen Mix aus modernen und traditionellen Weihnachtsliedern, die zum mitsingen einluden. Im Anschluss daran feierten wir noch unseren Jahresabschluss und haben bei dem ein<a href=\"https:\/\/www.musikverein-ahaus.de\/de_de\/weihnachtskonzert-und-jahresabschluss-2025\/\" class=\"read-more\">&nbsp; Continue Reading &raquo;<\/a><\/p>\n","protected":false},"author":7,"featured_media":6251,"comment_status":"closed","ping_status":"closed","sticky":false,"template":"","format":"standard","meta":{"footnotes":""},"categories":[1],"tags":[],"class_list":["post-6249","post","type-post","status-publish","format-standard","has-post-thumbnail","hentry","category-allgemein","cat-1-id","has_thumb"],"_links":{"self":[{"href":"https:\/\/www.musikverein-ahaus.de\/de_de\/wp-json\/wp\/v2\/posts\/6249","targetHints":{"allow":["GET"]}}],"collection":[{"href":"https:\/\/www.musikverein-ahaus.de\/de_de\/wp-json\/wp\/v2\/posts"}],"about":[{"href":"https:\/\/www.musikverein-ahaus.de\/de_de\/wp-json\/wp\/v2\/types\/post"}],"author":[{"embeddable":true,"href":"https:\/\/www.musikverein-ahaus.de\/de_de\/wp-json\/wp\/v2\/users\/7"}],"replies":[{"embeddable":true,"href":"https:\/\/www.musikverein-ahaus.de\/de_de\/wp-json\/wp\/v2\/comments?post=6249"}],"version-history":[{"count":6,"href":"https:\/\/www.musikverein-ahaus.de\/de_de\/wp-json\/wp\/v2\/posts\/6249\/revisions"}],"predecessor-version":[{"id":6259,"href":"https:\/\/www.musikverein-ahaus.de\/de_de\/wp-json\/wp\/v2\/posts\/6249\/revisions\/6259"}],"wp:featuredmedia":[{"embeddable":true,"href":"https:\/\/www.musikverein-ahaus.de\/de_de\/wp-json\/wp\/v2\/media\/6251"}],"wp:attachment":[{"href":"https:\/\/www.musikverein-ahaus.de\/de_de\/wp-json\/wp\/v2\/media?parent=6249"}],"wp:term":[{"taxonomy":"category","embeddable":true,"href":"https:\/\/www.musikverein-ahaus.de\/de_de\/wp-json\/wp\/v2\/categories?post=6249"},{"taxonomy":"post_tag","embeddable":true,"href":"https:\/\/www.musikverein-ahaus.de\/de_de\/wp-json\/wp\/v2\/tags?post=6249"}],"curies":[{"name":"wp","href":"https:\/\/api.w.org\/{rel}","templated":true}]}}